{"id":16552,"date":"2025-02-10T16:00:46","date_gmt":"2025-02-10T22:00:46","guid":{"rendered":"https:\/\/fge.oaxaca.gob.mx\/?post_type=noticias&amp;p=8321"},"modified":"2025-02-10T16:00:46","modified_gmt":"2025-02-10T22:00:46","slug":"boletin-1238-obtiene-fgeo-sentencia-de-17-anos-de-prision-contra-responsable-de-violacion-a-una-adolescente-con-discapacidad-motriz-ocurrida-en-la-costa","status":"publish","type":"noticias","link":"https:\/\/portal.fgeo.gob.mx\/index.php\/archivos\/noticias\/boletin-1238-obtiene-fgeo-sentencia-de-17-anos-de-prision-contra-responsable-de-violacion-a-una-adolescente-con-discapacidad-motriz-ocurrida-en-la-costa","title":{"rendered":"BOLET\u00cdN 1,238.- Obtiene FGEO sentencia de 17 a\u00f1os de prisi\u00f3n contra responsable de violaci\u00f3n a una adolescente con discapacidad motriz ocurrida en la Costa"},"content":{"rendered":"<p><strong>Oaxaca de Ju\u00e1rez a 10 de febrero de 2025.-<\/strong> Como resultado de las investigaciones enfocadas en garantizar los derechos a una vida libre de violencia de ni\u00f1as ni\u00f1os y adolescentes, la Fiscal\u00eda General del Estado de Oaxaca (FGEO) obtuvo una sentencia condenatoria de 17 a\u00f1os de prisi\u00f3n contra una persona del sexo masculino identificada como Antonio L.V., por su responsabilidad en la comisi\u00f3n del delito de Equiparado a la Violaci\u00f3n en agravio de una adolescente, ocurrido en la regi\u00f3n de la Costa.<\/p>\n<p>Conforme a lo establecido en el expediente penal del caso, los hechos ocurrieron el 07 de febrero de 2023, cuando la v\u00edctima (una adolescente de 19 a\u00f1os de edad, con diagn\u00f3stico de discapacidad psicomotriz y problemas de lenguaje y memoria, cuya identidad est\u00e1 reservada por ley), se encontraba en su domicilio, ubicado en la Secci\u00f3n Cuarta de San Pedro Pochutla, lugar donde lleg\u00f3 Antonio L.V., y la agredi\u00f3.<\/p>\n<p>Derivado de los hechos, la FGEO tom\u00f3 conocimiento del caso e inici\u00f3 las investigaciones a trav\u00e9s de las \u00e1reas especializadas en delitos sexuales de la Vicefiscal\u00eda Regional de la Costa, logrando obtener una orden de aprehensi\u00f3n contra el responsable quien fue detenido y presentado ante la autoridad que lo requiri\u00f3.<\/p>\n<p>En audiencia y tras evaluar los datos de prueba emanados de las investigaciones ministeriales de la Fiscal\u00eda, el Tribunal de Enjuiciamiento dict\u00f3 sentencia condenatoria de 17 a\u00f1os de prisi\u00f3n en contra de Antonio L.V., adem\u00e1s de imponer una multa econ\u00f3mica y el pago por concepto de reparaci\u00f3n del da\u00f1o en abstracto, luego de demostrar su responsabilidad en la comisi\u00f3n del delito de Equiparado a la Violaci\u00f3n.<\/p>\n<p>La Fiscal\u00eda de Oaxaca tiene como prioridad garantizar procesos de justicia eficientes en los casos de delitos cometidos en contra de ni\u00f1as, ni\u00f1os y adolescentes, a trav\u00e9s de investigaciones integrales y con perspectiva de infancia que logren garantizar el inter\u00e9s superior de la ni\u00f1ez.<\/p>\n<figure id=\"attachment_8322\" aria-describedby=\"caption-attachment-8322\" style=\"width: 292px\" class=\"wp-caption alignnone\"><img fetchpriority=\"high\" decoding=\"async\" class=\"size-medium wp-image-8322\" src=\"https:\/\/portal.fgeo.gob.mx\/wp-content\/uploads\/2025\/02\/Dise%C3%B1o-sin-t%C3%ADtulo-10-292x300.jpg\" alt=\"\" width=\"292\" height=\"300\" \/><figcaption id=\"caption-attachment-8322\" class=\"wp-caption-text\">Dise\u00f1o sin t\u00edtulo &#8211; 1<\/figcaption><\/figure>\n","protected":false},"author":2,"featured_media":8223,"comment_status":"closed","ping_status":"closed","template":"","tags":[],"categoria_noticias":[],"class_list":["post-16552","noticias","type-noticias","status-publish","has-post-thumbnail","hentry"],"acf":[],"mb":[],"mfb_rest_fields":["title","gutenberg_elementor_mode"],"_links":{"self":[{"href":"https:\/\/portal.fgeo.gob.mx\/index.php\/wp-json\/wp\/v2\/noticias\/16552","targetHints":{"allow":["GET"]}}],"collection":[{"href":"https:\/\/portal.fgeo.gob.mx\/index.php\/wp-json\/wp\/v2\/noticias"}],"about":[{"href":"https:\/\/portal.fgeo.gob.mx\/index.php\/wp-json\/wp\/v2\/types\/noticias"}],"author":[{"embeddable":true,"href":"https:\/\/portal.fgeo.gob.mx\/index.php\/wp-json\/wp\/v2\/users\/2"}],"replies":[{"embeddable":true,"href":"https:\/\/portal.fgeo.gob.mx\/index.php\/wp-json\/wp\/v2\/comments?post=16552"}],"wp:featuredmedia":[{"embeddable":true,"href":"https:\/\/portal.fgeo.gob.mx\/index.php\/wp-json\/wp\/v2\/font-families\/(?P<font_family_id>[\\d]+)\/font-faces\/8223"}],"wp:attachment":[{"href":"https:\/\/portal.fgeo.gob.mx\/index.php\/wp-json\/wp\/v2\/media?parent=16552"}],"wp:term":[{"taxonomy":"post_tag","embeddable":true,"href":"https:\/\/portal.fgeo.gob.mx\/index.php\/wp-json\/wp\/v2\/tags?post=16552"},{"taxonomy":"categoria_noticias","embeddable":true,"href":"https:\/\/portal.fgeo.gob.mx\/index.php\/wp-json\/wp\/v2\/categoria_noticias?post=16552"}],"curies":[{"name":"wp","href":"https:\/\/api.w.org\/{rel}","templated":true}]}}