{"id":16551,"date":"2025-02-10T09:25:08","date_gmt":"2025-02-10T15:25:08","guid":{"rendered":"https:\/\/fge.oaxaca.gob.mx\/?post_type=noticias&amp;p=8317"},"modified":"2025-02-10T09:25:08","modified_gmt":"2025-02-10T15:25:08","slug":"boletin-1236-fiscalia-de-oaxaca-localiza-en-la-capital-a-adolescente-luego-de-ser-enganchado-por-crimen-organizado-a-traves-de-medios-electronicos","status":"publish","type":"noticias","link":"https:\/\/portal.fgeo.gob.mx\/index.php\/archivos\/noticias\/boletin-1236-fiscalia-de-oaxaca-localiza-en-la-capital-a-adolescente-luego-de-ser-enganchado-por-crimen-organizado-a-traves-de-medios-electronicos","title":{"rendered":"BOLET\u00cdN 1,236.- Fiscal\u00eda de Oaxaca localiza en la capital a adolescente, luego de ser enganchado por crimen organizado a trav\u00e9s de medios electr\u00f3nicos"},"content":{"rendered":"<p>* El trabajo efectivo que realizan las \u00e1reas especializadas en personas no localizadas de la FGEO permiti\u00f3 dar con su paradero en menos de 24 horas despu\u00e9s de la denuncia<\/p>\n<p>&nbsp;<\/p>\n<p><strong>Oaxaca de Ju\u00e1rez a 10 de febrero de 2025.-<\/strong> La aplicaci\u00f3n inmediata de protocolos de investigaci\u00f3n que realiza la Fiscal\u00eda General del Estado de Oaxaca (FGEO) hicieron posible dar con el paradero de un adolescente identificado como D.A.R.L., de 16 a\u00f1os de edad, quien estaba reportado como No Localizado, luego de ser enganchado por redes criminales desde el estado de Jalisco, a trav\u00e9s de medios electr\u00f3nicos.<\/p>\n<p>&nbsp;<\/p>\n<p>De acuerdo con la denuncia realizada por los familiares, el 05 de febrero de 2025, D.A.R.L. sali\u00f3 de su domicilio ubicado en el municipio de Santa Luc\u00eda del Camino.<\/p>\n<p>&nbsp;<\/p>\n<p>La investigaci\u00f3n revela que, D.A.R.L. habr\u00eda sido enganchado a trav\u00e9s de medios electr\u00f3nicos, por redes criminales desde el estado de Jalisco, para luego ser trasladado al occidente del pa\u00eds.<\/p>\n<p>&nbsp;<\/p>\n<p>Luego de recibir la denuncia inmediata por parte de familiares, la Fiscal\u00eda del Estado de Oaxaca, -a trav\u00e9s de la Unidad de B\u00fasqueda de Personas No localizadas (DNOL) de la Vicefiscal\u00eda General de Atenci\u00f3n a V\u00edctimas y a la Sociedad- activ\u00f3 de forma inmediata las acciones para la b\u00fasqueda y pronta localizaci\u00f3n de la v\u00edctima, por lo que se realizaron operativos focalizados en la entidad oaxaque\u00f1a.<\/p>\n<p>&nbsp;<\/p>\n<p>Derivado de las investigaciones en torno al caso, elementos de la Agencia Estatal de Investigaciones (AEI) lograron dar con el paradero de D.A.R.L., resultados obtenidos en menos de 24 horas despu\u00e9s de que reportaron su no localizaci\u00f3n.<\/p>\n<p>&nbsp;<\/p>\n<p>Luego de dar con su paradero, la v\u00edctima fue presentada ante las autoridades para realizar una valoraci\u00f3n m\u00e9dica para determinar su estado de salud y con ello, realizar las diligencias correspondientes para ser restituido con sus familiares.<\/p>\n<p>&nbsp;<\/p>\n<p>En casos de ausencias o reporte de personas No Localizadas, la denuncia oportuna y pronta ante la Fiscal\u00eda de Oaxaca es clave en las labores de b\u00fasqueda y localizaci\u00f3n, pues la instituci\u00f3n cuenta con equipo especializado con una tasa de efectividad para que las personas vuelvan con sus familias.<\/p>\n<p><img fetchpriority=\"high\" decoding=\"async\" class=\"alignnone size-medium wp-image-8318\" src=\"https:\/\/portal.fgeo.gob.mx\/wp-content\/uploads\/2025\/02\/WhatsApp-Image-2025-02-10-at-9.17.47-AM-225x300.jpeg\" alt=\"\" width=\"225\" height=\"300\" \/><\/p>\n","protected":false},"author":2,"featured_media":8223,"comment_status":"closed","ping_status":"closed","template":"","tags":[],"categoria_noticias":[],"class_list":["post-16551","noticias","type-noticias","status-publish","has-post-thumbnail","hentry"],"acf":[],"mb":[],"mfb_rest_fields":["title","gutenberg_elementor_mode"],"_links":{"self":[{"href":"https:\/\/portal.fgeo.gob.mx\/index.php\/wp-json\/wp\/v2\/noticias\/16551","targetHints":{"allow":["GET"]}}],"collection":[{"href":"https:\/\/portal.fgeo.gob.mx\/index.php\/wp-json\/wp\/v2\/noticias"}],"about":[{"href":"https:\/\/portal.fgeo.gob.mx\/index.php\/wp-json\/wp\/v2\/types\/noticias"}],"author":[{"embeddable":true,"href":"https:\/\/portal.fgeo.gob.mx\/index.php\/wp-json\/wp\/v2\/users\/2"}],"replies":[{"embeddable":true,"href":"https:\/\/portal.fgeo.gob.mx\/index.php\/wp-json\/wp\/v2\/comments?post=16551"}],"wp:featuredmedia":[{"embeddable":true,"href":"https:\/\/portal.fgeo.gob.mx\/index.php\/wp-json\/wp\/v2\/font-families\/(?P<font_family_id>[\\d]+)\/font-faces\/8223"}],"wp:attachment":[{"href":"https:\/\/portal.fgeo.gob.mx\/index.php\/wp-json\/wp\/v2\/media?parent=16551"}],"wp:term":[{"taxonomy":"post_tag","embeddable":true,"href":"https:\/\/portal.fgeo.gob.mx\/index.php\/wp-json\/wp\/v2\/tags?post=16551"},{"taxonomy":"categoria_noticias","embeddable":true,"href":"https:\/\/portal.fgeo.gob.mx\/index.php\/wp-json\/wp\/v2\/categoria_noticias?post=16551"}],"curies":[{"name":"wp","href":"https:\/\/api.w.org\/{rel}","templated":true}]}}