{"id":16548,"date":"2025-02-07T10:53:54","date_gmt":"2025-02-07T16:53:54","guid":{"rendered":"https:\/\/fge.oaxaca.gob.mx\/?post_type=noticias&amp;p=8298"},"modified":"2025-02-07T10:53:54","modified_gmt":"2025-02-07T16:53:54","slug":"boletin-1233-fiscalia-de-oaxaca-localiza-a-tres-personas-reportadas-como-no-localizadas-en-la-region-de-los-valles-centrales","status":"publish","type":"noticias","link":"https:\/\/portal.fgeo.gob.mx\/index.php\/archivos\/noticias\/boletin-1233-fiscalia-de-oaxaca-localiza-a-tres-personas-reportadas-como-no-localizadas-en-la-region-de-los-valles-centrales","title":{"rendered":"BOLET\u00cdN 1233.- Fiscal\u00eda de Oaxaca localiza a tres personas reportadas como No Localizadas en la regi\u00f3n de los Valles Centrales"},"content":{"rendered":"<p>&nbsp;<\/p>\n<p>Oaxaca de Ju\u00e1rez a 7 de febrero de 2025.- Como resultado de los trabajos de b\u00fasqueda de personas, la Fiscal\u00eda General del Estado de Oaxaca (FGEO) logr\u00f3 dar con el paradero de tres personas que estaban reportadas como No Localizadas, hechos que sucedieron en diferentes puntos de la ciudad de Oaxaca.<\/p>\n<p>&nbsp;<\/p>\n<p>Luego de recibir la denuncia por parte de familiares de las v\u00edctimas, la FGEO, a trav\u00e9s la Unidad de B\u00fasqueda de Personas Desaparecidas y No Localizadas (DNOL) perteneciente a la Vicefiscal\u00eda General de Atenci\u00f3n a V\u00edctimas y la Sociedad, activ\u00f3 los protocolos de b\u00fasqueda correspondientes para llevar a cabo los trabajos especializados en b\u00fasqueda y localizaci\u00f3n.<\/p>\n<p>&nbsp;<\/p>\n<p>Gracias a dichas labores, la Instituci\u00f3n procuradora de justicia estableci\u00f3 el paradero de C.A.M.R., quien fue reportado como No Localizado y visto por \u00faltima vez en su domicilio ubicado en el municipio de San Pedro Ixtlahuaca.<\/p>\n<p>&nbsp;<\/p>\n<p><img fetchpriority=\"high\" decoding=\"async\" class=\"size-medium wp-image-8299 aligncenter\" src=\"https:\/\/portal.fgeo.gob.mx\/wp-content\/uploads\/2025\/02\/1-1233-182x300.jpeg\" alt=\"\" width=\"182\" height=\"300\" \/><\/p>\n<p>&nbsp;<\/p>\n<p>Mientras que, D.Y.J.R. fue vista por \u00faltima vez al salir de su domicilio ubicado en el municipio de Ejutla de Crespo, quien ya fue localizada y restituida con su familia.<\/p>\n<p>&nbsp;<\/p>\n<p><img decoding=\"async\" class=\"size-medium wp-image-8300 aligncenter\" src=\"https:\/\/portal.fgeo.gob.mx\/wp-content\/uploads\/2025\/02\/2-1233-182x300.jpeg\" alt=\"\" width=\"182\" height=\"300\" \/><\/p>\n<p>&nbsp;<\/p>\n<p>En tanto que, la Fiscal\u00eda de Oaxaca tambi\u00e9n recibi\u00f3 una denuncia por la No Localizaci\u00f3n de I.O.B., quien fue visto por \u00faltima vez al salir de su domicilio ubicado en el municipio de San Jacinto Amilpas, a partir de lo cual se realizaron los trabajos que permitieron su localizaci\u00f3n.<\/p>\n<p><img decoding=\"async\" class=\"size-medium wp-image-8301 aligncenter\" src=\"https:\/\/portal.fgeo.gob.mx\/wp-content\/uploads\/2025\/02\/3-1233-182x300.jpeg\" alt=\"\" width=\"182\" height=\"300\" \/><\/p>\n<p>&nbsp;<\/p>\n<p>Luego de dar con el paradero de las tres personas, estas fueron restituidas con sus familiares.<\/p>\n<p>La denuncia es parte prioritaria y fundamental dentro de los procesos de investigaci\u00f3n y b\u00fasqueda de personas no localizadas que efect\u00faa la Fiscal\u00eda General del Justicia del Estado de Oaxaca, a trav\u00e9s de las \u00e1reas especializadas.<\/p>\n<p>&nbsp;<\/p>\n<p>&nbsp;<\/p>\n<p>&nbsp;<\/p>\n","protected":false},"author":2,"featured_media":8223,"comment_status":"closed","ping_status":"closed","template":"","tags":[],"categoria_noticias":[],"class_list":["post-16548","noticias","type-noticias","status-publish","has-post-thumbnail","hentry"],"acf":[],"mb":[],"mfb_rest_fields":["title","gutenberg_elementor_mode"],"_links":{"self":[{"href":"https:\/\/portal.fgeo.gob.mx\/index.php\/wp-json\/wp\/v2\/noticias\/16548","targetHints":{"allow":["GET"]}}],"collection":[{"href":"https:\/\/portal.fgeo.gob.mx\/index.php\/wp-json\/wp\/v2\/noticias"}],"about":[{"href":"https:\/\/portal.fgeo.gob.mx\/index.php\/wp-json\/wp\/v2\/types\/noticias"}],"author":[{"embeddable":true,"href":"https:\/\/portal.fgeo.gob.mx\/index.php\/wp-json\/wp\/v2\/users\/2"}],"replies":[{"embeddable":true,"href":"https:\/\/portal.fgeo.gob.mx\/index.php\/wp-json\/wp\/v2\/comments?post=16548"}],"wp:featuredmedia":[{"embeddable":true,"href":"https:\/\/portal.fgeo.gob.mx\/index.php\/wp-json\/wp\/v2\/font-families\/(?P<font_family_id>[\\d]+)\/font-faces\/8223"}],"wp:attachment":[{"href":"https:\/\/portal.fgeo.gob.mx\/index.php\/wp-json\/wp\/v2\/media?parent=16548"}],"wp:term":[{"taxonomy":"post_tag","embeddable":true,"href":"https:\/\/portal.fgeo.gob.mx\/index.php\/wp-json\/wp\/v2\/tags?post=16548"},{"taxonomy":"categoria_noticias","embeddable":true,"href":"https:\/\/portal.fgeo.gob.mx\/index.php\/wp-json\/wp\/v2\/categoria_noticias?post=16548"}],"curies":[{"name":"wp","href":"https:\/\/api.w.org\/{rel}","templated":true}]}}