{"id":16547,"date":"2025-02-06T18:00:39","date_gmt":"2025-02-07T00:00:39","guid":{"rendered":"https:\/\/fge.oaxaca.gob.mx\/?post_type=noticias&amp;p=8297"},"modified":"2025-02-06T18:00:39","modified_gmt":"2025-02-07T00:00:39","slug":"boletin-1232-queda-en-prision-preventiva-una-persona-por-tentativa-de-feminicidio-ocurrido-en-la-region-de-los-valles-centrales-fiscalia-de-oaxaca","status":"publish","type":"noticias","link":"https:\/\/portal.fgeo.gob.mx\/index.php\/archivos\/noticias\/boletin-1232-queda-en-prision-preventiva-una-persona-por-tentativa-de-feminicidio-ocurrido-en-la-region-de-los-valles-centrales-fiscalia-de-oaxaca","title":{"rendered":"BOLET\u00cdN 1,232.- Queda en prisi\u00f3n preventiva una persona por tentativa de feminicidio ocurrido en la regi\u00f3n de los Valles Centrales: Fiscal\u00eda de Oaxaca"},"content":{"rendered":"<p><strong>Oaxaca de Ju\u00e1rez a 6 de febrero de 2025.-<\/strong> Las investigaciones ministeriales con perspectiva de g\u00e9nero de la Fiscal\u00eda General del Estado de Oaxaca (FGEO) hicieron posible la aprehensi\u00f3n e imputaci\u00f3n de O.A.C.V., por el delito de Feminicidio Agravado en grado de Tentativa, cometido en la regi\u00f3n de los Valles Centrales.<\/p>\n<p>Conforme a lo establecido en el expediente penal del caso, los hechos ocurrieron la madrugada del 27 de enero de 2025, cuando la v\u00edctima (cuya identidad est\u00e1 reservada por ley) se encontraban al interior de su domicilio ubicado en el Fraccionamiento Reyes Mantec\u00f3n, perteneciente al municipio de San Bartolo Coyotepec, sitio en el que el agresor atac\u00f3 violentamente a la v\u00edctima, quien sufri\u00f3 diversas lesiones que pusieron en peligro su vida.<\/p>\n<p>A partir del resultado de los trabajos ministeriales efectuados por la FGEO, a trav\u00e9s de la Fiscal\u00eda Especializada para la Atenci\u00f3n de Delitos contra la Mujer por Raz\u00f3n de G\u00e9nero, se obtuvo la orden de aprehensi\u00f3n correspondiente en contra de O.A.C.V., la cual fue ejecutada por elementos de la Agencia Estatal de Investigaciones (AEI).<\/p>\n<p>Una vez detenido, O.A.C.V., fue presentado ante el Juez de Control que lo requiri\u00f3 quien calific\u00f3 como legal la detenci\u00f3n y comunic\u00f3 la imputaci\u00f3n por el delito de Feminicidio Agravado en grado de Tentativa e impuso la medida cautelar de prisi\u00f3n preventiva justificada a espera de la siguiente audiencia.<\/p>\n<p>La Fiscal\u00eda General reitera su compromiso a esclarecer delitos de g\u00e9nero en la entidad, aplicando todo el rigor de la Ley a quien o quienes resulten responsables.<\/p>\n","protected":false},"author":2,"featured_media":8223,"comment_status":"closed","ping_status":"closed","template":"","tags":[],"categoria_noticias":[],"class_list":["post-16547","noticias","type-noticias","status-publish","has-post-thumbnail","hentry"],"acf":[],"mb":[],"mfb_rest_fields":["title","gutenberg_elementor_mode"],"_links":{"self":[{"href":"https:\/\/portal.fgeo.gob.mx\/index.php\/wp-json\/wp\/v2\/noticias\/16547","targetHints":{"allow":["GET"]}}],"collection":[{"href":"https:\/\/portal.fgeo.gob.mx\/index.php\/wp-json\/wp\/v2\/noticias"}],"about":[{"href":"https:\/\/portal.fgeo.gob.mx\/index.php\/wp-json\/wp\/v2\/types\/noticias"}],"author":[{"embeddable":true,"href":"https:\/\/portal.fgeo.gob.mx\/index.php\/wp-json\/wp\/v2\/users\/2"}],"replies":[{"embeddable":true,"href":"https:\/\/portal.fgeo.gob.mx\/index.php\/wp-json\/wp\/v2\/comments?post=16547"}],"wp:featuredmedia":[{"embeddable":true,"href":"https:\/\/portal.fgeo.gob.mx\/index.php\/wp-json\/wp\/v2\/font-families\/(?P<font_family_id>[\\d]+)\/font-faces\/8223"}],"wp:attachment":[{"href":"https:\/\/portal.fgeo.gob.mx\/index.php\/wp-json\/wp\/v2\/media?parent=16547"}],"wp:term":[{"taxonomy":"post_tag","embeddable":true,"href":"https:\/\/portal.fgeo.gob.mx\/index.php\/wp-json\/wp\/v2\/tags?post=16547"},{"taxonomy":"categoria_noticias","embeddable":true,"href":"https:\/\/portal.fgeo.gob.mx\/index.php\/wp-json\/wp\/v2\/categoria_noticias?post=16547"}],"curies":[{"name":"wp","href":"https:\/\/api.w.org\/{rel}","templated":true}]}}