{"id":16544,"date":"2025-02-06T09:00:25","date_gmt":"2025-02-06T15:00:25","guid":{"rendered":"https:\/\/fge.oaxaca.gob.mx\/?post_type=noticias&amp;p=8285"},"modified":"2025-02-06T09:00:25","modified_gmt":"2025-02-06T15:00:25","slug":"boletin-1229-fgeo-aprehende-a-una-persona-por-robo-en-vehiculo-se-investiga-relacion-con-ola-de-cristalazos-cometidos-en-la-ciudad-de-oaxaca","status":"publish","type":"noticias","link":"https:\/\/portal.fgeo.gob.mx\/index.php\/archivos\/noticias\/boletin-1229-fgeo-aprehende-a-una-persona-por-robo-en-vehiculo-se-investiga-relacion-con-ola-de-cristalazos-cometidos-en-la-ciudad-de-oaxaca","title":{"rendered":"BOLET\u00cdN 1,229.- FGEO aprehende a una persona por robo en veh\u00edculo; se investiga relaci\u00f3n con ola de \u201ccristalazos\u201d cometidos en la ciudad de Oaxaca"},"content":{"rendered":"<p><strong>Oaxaca de Ju\u00e1rez a 6 de febrero de 2025.-<\/strong> Derivado de los trabajos de inteligencia e investigaci\u00f3n efectuados por personal de la Fiscal\u00eda General del Estado de Oaxaca (FGEO), se ejecut\u00f3 una orden de aprehensi\u00f3n en contra de una persona del sexo masculino identificada como E.H.M.M., por el delito de robo espec\u00edfico en veh\u00edculos por lo que se indaga su relaci\u00f3n con ola de delitos cometidos en Valles Centrales.<\/p>\n<p>&nbsp;<\/p>\n<p>De acuerdo con lo establecido en el expediente penal del caso, el 30 de enero de 2025, rompieron el vidrio de la ventana de un veh\u00edculo de motor que se encontraba estacionado sobre la calle 20 de Noviembre de la colonia Centro de la ciudad de Oaxaca de Ju\u00e1rez, hecho perpetrado para sustraer objetos de valor.<\/p>\n<p>&nbsp;<\/p>\n<p>Ante estos hechos, y derivado de la denuncia penal, la Fiscal\u00eda de Oaxaca inici\u00f3 las investigaciones a trav\u00e9s de la Vicefiscal\u00eda de Valles Centrales, que dieron como resultado la detenci\u00f3n de E.H.M.M., quien fue puesto a disposici\u00f3n de la autoridad ministerial correspondiente en espera de la formulaci\u00f3n de imputaci\u00f3n para su debido proceso legal.<\/p>\n<p>&nbsp;<\/p>\n<p>Luego de la detenci\u00f3n, la Fiscal\u00eda de Oaxaca investiga la probable participaci\u00f3n del imputado en una ola de robos a veh\u00edculos de motos, mejor conocidos como \u201ccristalazos\u201d, cometidos en la capital de Oaxaca, principalmente en el primer cuadro de la ciudad, labores ministeriales para las cuales es fundamental la denuncia penal de la ciudadan\u00eda.<\/p>\n<p>&nbsp;<\/p>\n<p>Estas acciones, forman parte del trabajo que realiza la Fiscal\u00eda de Oaxaca en coordinaci\u00f3n con fuerzas de seguridad p\u00fablica de los tres niveles de gobierno, para para combatir la comisi\u00f3n de delitos de Alto Impacto en los Valles Centrales y dar atenci\u00f3n al fen\u00f3meno delictivo a fin de garantizar la seguridad p\u00fablica a favor de la ciudadan\u00eda.<\/p>\n<p><img fetchpriority=\"high\" decoding=\"async\" class=\"alignnone size-medium wp-image-8286\" src=\"https:\/\/portal.fgeo.gob.mx\/wp-content\/uploads\/2025\/02\/Dise%C3%B1o-sin-t%C3%ADtulo-3-300x300.jpg\" alt=\"\" width=\"300\" height=\"300\" \/><\/p>\n","protected":false},"author":2,"featured_media":8223,"comment_status":"closed","ping_status":"closed","template":"","tags":[],"categoria_noticias":[],"class_list":["post-16544","noticias","type-noticias","status-publish","has-post-thumbnail","hentry"],"acf":[],"mb":[],"mfb_rest_fields":["title","gutenberg_elementor_mode"],"_links":{"self":[{"href":"https:\/\/portal.fgeo.gob.mx\/index.php\/wp-json\/wp\/v2\/noticias\/16544","targetHints":{"allow":["GET"]}}],"collection":[{"href":"https:\/\/portal.fgeo.gob.mx\/index.php\/wp-json\/wp\/v2\/noticias"}],"about":[{"href":"https:\/\/portal.fgeo.gob.mx\/index.php\/wp-json\/wp\/v2\/types\/noticias"}],"author":[{"embeddable":true,"href":"https:\/\/portal.fgeo.gob.mx\/index.php\/wp-json\/wp\/v2\/users\/2"}],"replies":[{"embeddable":true,"href":"https:\/\/portal.fgeo.gob.mx\/index.php\/wp-json\/wp\/v2\/comments?post=16544"}],"wp:featuredmedia":[{"embeddable":true,"href":"https:\/\/portal.fgeo.gob.mx\/index.php\/wp-json\/wp\/v2\/font-families\/(?P<font_family_id>[\\d]+)\/font-faces\/8223"}],"wp:attachment":[{"href":"https:\/\/portal.fgeo.gob.mx\/index.php\/wp-json\/wp\/v2\/media?parent=16544"}],"wp:term":[{"taxonomy":"post_tag","embeddable":true,"href":"https:\/\/portal.fgeo.gob.mx\/index.php\/wp-json\/wp\/v2\/tags?post=16544"},{"taxonomy":"categoria_noticias","embeddable":true,"href":"https:\/\/portal.fgeo.gob.mx\/index.php\/wp-json\/wp\/v2\/categoria_noticias?post=16544"}],"curies":[{"name":"wp","href":"https:\/\/api.w.org\/{rel}","templated":true}]}}