{"id":16541,"date":"2025-02-05T12:04:09","date_gmt":"2025-02-05T18:04:09","guid":{"rendered":"https:\/\/fge.oaxaca.gob.mx\/?post_type=noticias&amp;p=8275"},"modified":"2025-02-05T12:04:09","modified_gmt":"2025-02-05T18:04:09","slug":"boletin-1226-fiscalia-de-oaxaca-obtiene-vinculacion-a-proceso-y-prision-contra-dos-personas-por-el-homicidio-cometido-contra-dos-mujeres-en-la-sierra-mixe","status":"publish","type":"noticias","link":"https:\/\/portal.fgeo.gob.mx\/index.php\/archivos\/noticias\/boletin-1226-fiscalia-de-oaxaca-obtiene-vinculacion-a-proceso-y-prision-contra-dos-personas-por-el-homicidio-cometido-contra-dos-mujeres-en-la-sierra-mixe","title":{"rendered":"BOLET\u00cdN 1,227.- Fiscal\u00eda de Oaxaca obtiene vinculaci\u00f3n a proceso y prisi\u00f3n contra dos personas por el homicidio cometido contra dos mujeres en la Sierra Mixe"},"content":{"rendered":"<p><strong>Oaxaca de Ju\u00e1rez a 5 de febrero de 2025.-<\/strong> En puntual seguimiento a casos de violencia de g\u00e9nero contra la mujer en la entidad y gracias al trabajo ministerial, la Fiscal\u00eda General del Estado de Oaxaca (FGEO) obtuvo auto de vinculaci\u00f3n a proceso y prisi\u00f3n preventiva en contra de dos personas del sexo masculino identificados como F.M.R.D. y R.U.R.D. o R.U.D.C., por el delito de Homicidio calificado con ventaja en agravio de dos mujeres, hechos ocurridos en la Sierra Mixe de Oaxaca.<\/p>\n<p>De acuerdo con lo asentado en el expediente penal del caso, el doble homicidio ocurri\u00f3 el 24 de enero de 2025, cuando las v\u00edctimas -identificadas como E.S.P. y A.S.P.- se encontraban en el interior de un domicilio ubicado en inmediaciones de la carretera federal en el tramo de San Jos\u00e9 Chinantequilla Lachixova, perteneciente al municipio Totontepec Villa de Morelos, sitio en el que fueron agredidas y privadas de la vida.<\/p>\n<p>Al tener conocimiento de los hechos, la Fiscal\u00eda de Oaxaca, a trav\u00e9s de la Vicefiscal\u00eda de Control Regional, inici\u00f3 una exhaustiva investigaci\u00f3n que permiti\u00f3 reunir las pruebas suficientes para obtener y ejecutar una orden de aprehensi\u00f3n en contra de F.M.R.D. y R.U.R.D. o R.U.D.C.<\/p>\n<p>En audiencia, y tras evaluar los datos de prueba aportados por la Fiscal\u00eda de Oaxaca, el Juez dict\u00f3 auto de vinculaci\u00f3n a proceso en contra de los imputados, adem\u00e1s de imponerles la medida cautelar de prisi\u00f3n preventiva por su responsabilidad en el delito de homicidio calificado, concedi\u00e9ndoles el plazo de cuatro meses para el cierre de la investigaci\u00f3n complementaria.<\/p>\n<p>El empleo de protocolos y la aplicaci\u00f3n de t\u00e9cnicas cient\u00edficas en las investigaciones de cr\u00edmenes, permiten a la Fiscal\u00eda General de Oaxaca tener certeza en los trabajos de procuraci\u00f3n de justicia en el estado.<\/p>\n<p><img fetchpriority=\"high\" decoding=\"async\" class=\"alignnone size-medium wp-image-8276\" src=\"https:\/\/portal.fgeo.gob.mx\/wp-content\/uploads\/2025\/02\/Dise%C3%B1o-sin-t%C3%ADtulo-1-1-225x300.jpg\" alt=\"\" width=\"225\" height=\"300\" \/> <img decoding=\"async\" class=\"alignnone size-medium wp-image-8277\" src=\"https:\/\/portal.fgeo.gob.mx\/wp-content\/uploads\/2025\/02\/Dise%C3%B1o-sin-t%C3%ADtulo-2-227x300.jpg\" alt=\"\" width=\"227\" height=\"300\" \/><\/p>\n","protected":false},"author":2,"featured_media":8223,"comment_status":"closed","ping_status":"closed","template":"","tags":[],"categoria_noticias":[],"class_list":["post-16541","noticias","type-noticias","status-publish","has-post-thumbnail","hentry"],"acf":[],"mb":[],"mfb_rest_fields":["title","gutenberg_elementor_mode"],"_links":{"self":[{"href":"https:\/\/portal.fgeo.gob.mx\/index.php\/wp-json\/wp\/v2\/noticias\/16541","targetHints":{"allow":["GET"]}}],"collection":[{"href":"https:\/\/portal.fgeo.gob.mx\/index.php\/wp-json\/wp\/v2\/noticias"}],"about":[{"href":"https:\/\/portal.fgeo.gob.mx\/index.php\/wp-json\/wp\/v2\/types\/noticias"}],"author":[{"embeddable":true,"href":"https:\/\/portal.fgeo.gob.mx\/index.php\/wp-json\/wp\/v2\/users\/2"}],"replies":[{"embeddable":true,"href":"https:\/\/portal.fgeo.gob.mx\/index.php\/wp-json\/wp\/v2\/comments?post=16541"}],"wp:featuredmedia":[{"embeddable":true,"href":"https:\/\/portal.fgeo.gob.mx\/index.php\/wp-json\/wp\/v2\/font-families\/(?P<font_family_id>[\\d]+)\/font-faces\/8223"}],"wp:attachment":[{"href":"https:\/\/portal.fgeo.gob.mx\/index.php\/wp-json\/wp\/v2\/media?parent=16541"}],"wp:term":[{"taxonomy":"post_tag","embeddable":true,"href":"https:\/\/portal.fgeo.gob.mx\/index.php\/wp-json\/wp\/v2\/tags?post=16541"},{"taxonomy":"categoria_noticias","embeddable":true,"href":"https:\/\/portal.fgeo.gob.mx\/index.php\/wp-json\/wp\/v2\/categoria_noticias?post=16541"}],"curies":[{"name":"wp","href":"https:\/\/api.w.org\/{rel}","templated":true}]}}