{"id":16540,"date":"2025-02-05T09:39:54","date_gmt":"2025-02-05T15:39:54","guid":{"rendered":"https:\/\/fge.oaxaca.gob.mx\/?post_type=noticias&amp;p=8273"},"modified":"2025-02-05T09:39:54","modified_gmt":"2025-02-05T15:39:54","slug":"boletin-1225-fgeo-obtiene-sentencia-de-30-anos-de-prision-contra-responsable-de-homicidio-ocurrido-en-santa-cruz-xoxocotlan","status":"publish","type":"noticias","link":"https:\/\/portal.fgeo.gob.mx\/index.php\/archivos\/noticias\/boletin-1225-fgeo-obtiene-sentencia-de-30-anos-de-prision-contra-responsable-de-homicidio-ocurrido-en-santa-cruz-xoxocotlan","title":{"rendered":"BOLET\u00cdN 1,226.- FGEO obtiene sentencia de 30 a\u00f1os de prisi\u00f3n contra responsable de homicidio ocurrido en Santa Cruz Xoxocotl\u00e1n"},"content":{"rendered":"<p style=\"font-weight: 400\"><strong>Oaxaca de Ju\u00e1rez a 5 de febrero de 2025.-<\/strong>\u00a0Derivado del trabajo de investigaci\u00f3n ministerial que realiza la Fiscal\u00eda General del Estado de Oaxaca (FGEO), se obtuvo una sentencia condenatoria de 30 a\u00f1os de prisi\u00f3n contra una persona del sexo masculino identificada como Fredy L.J., por el delito de Homicidio Calificado ocurrido en el municipio de Santa Cruz Xoxocotl\u00e1n en los Valles Centrales de Oaxaca.<\/p>\n<p style=\"font-weight: 400\">\u00a0De acuerdo con lo asentado en el expediente penal del caso, los hechos se suscitaron el 03 de agosto de 2021, cuando la v\u00edctima identificada como A.R.P., se encontraba sobre la privada de Allende de la colonia Insurgentes, en el municipio de Santa Cruz Xoxocotl\u00e1n, lugar a donde lleg\u00f3 el hoy sentenciado y lo atac\u00f3 con un objeto punzocortante, caus\u00e1ndole heridas que lo privaron de la vida.<\/p>\n<p style=\"font-weight: 400\">\u00a0La FGEO, al tomar conocimiento de los hechos, atrajo el caso e inici\u00f3 las labores ministeriales a trav\u00e9s de la Fiscal\u00eda de Delitos de Alto Impacto de la Vicefiscal\u00eda de Valles Centrales, que estableci\u00f3 s\u00f3lidas l\u00edneas de investigaci\u00f3n y logr\u00f3 obtener una orden de aprehensi\u00f3n y posteriormente la detenci\u00f3n de Fredy L.J. para llevarlo ante el juez que lo requiri\u00f3<\/p>\n<p style=\"font-weight: 400\">\u00a0La Fiscal\u00eda de Oaxaca aport\u00f3 los datos de prueba suficientes para que el Tribunal de Enjuiciamiento dictara sentencia condenatoria de 30 a\u00f1os de prisi\u00f3n contra Sergio Fredy L.J., por su responsabilidad en la comisi\u00f3n del delito de Homicidio Calificado e impuso el pago de m\u00e1s de 448 mil pesos por concepto de reparaci\u00f3n del da\u00f1o.<\/p>\n<p style=\"font-weight: 400\">\u00a0Para la Fiscal\u00eda de Oaxaca, el empleo de protocolos y la aplicaci\u00f3n de t\u00e9cnicas cient\u00edficas en las investigaciones de cr\u00edmenes, permiten a esta instancia tener certeza en los trabajos de procuraci\u00f3n de justicia en el estado.<\/p>\n<p style=\"font-weight: 400\"><img fetchpriority=\"high\" decoding=\"async\" class=\"alignnone size-medium wp-image-8274\" src=\"https:\/\/portal.fgeo.gob.mx\/wp-content\/uploads\/2025\/02\/Dise%C3%B1o-sin-t%C3%ADtulo-212x300.jpg\" alt=\"\" width=\"212\" height=\"300\" \/><\/p>\n","protected":false},"author":2,"featured_media":8223,"comment_status":"closed","ping_status":"closed","template":"","tags":[],"categoria_noticias":[],"class_list":["post-16540","noticias","type-noticias","status-publish","has-post-thumbnail","hentry"],"acf":[],"mb":[],"mfb_rest_fields":["title","gutenberg_elementor_mode"],"_links":{"self":[{"href":"https:\/\/portal.fgeo.gob.mx\/index.php\/wp-json\/wp\/v2\/noticias\/16540","targetHints":{"allow":["GET"]}}],"collection":[{"href":"https:\/\/portal.fgeo.gob.mx\/index.php\/wp-json\/wp\/v2\/noticias"}],"about":[{"href":"https:\/\/portal.fgeo.gob.mx\/index.php\/wp-json\/wp\/v2\/types\/noticias"}],"author":[{"embeddable":true,"href":"https:\/\/portal.fgeo.gob.mx\/index.php\/wp-json\/wp\/v2\/users\/2"}],"replies":[{"embeddable":true,"href":"https:\/\/portal.fgeo.gob.mx\/index.php\/wp-json\/wp\/v2\/comments?post=16540"}],"wp:featuredmedia":[{"embeddable":true,"href":"https:\/\/portal.fgeo.gob.mx\/index.php\/wp-json\/wp\/v2\/font-families\/(?P<font_family_id>[\\d]+)\/font-faces\/8223"}],"wp:attachment":[{"href":"https:\/\/portal.fgeo.gob.mx\/index.php\/wp-json\/wp\/v2\/media?parent=16540"}],"wp:term":[{"taxonomy":"post_tag","embeddable":true,"href":"https:\/\/portal.fgeo.gob.mx\/index.php\/wp-json\/wp\/v2\/tags?post=16540"},{"taxonomy":"categoria_noticias","embeddable":true,"href":"https:\/\/portal.fgeo.gob.mx\/index.php\/wp-json\/wp\/v2\/categoria_noticias?post=16540"}],"curies":[{"name":"wp","href":"https:\/\/api.w.org\/{rel}","templated":true}]}}