{"id":16539,"date":"2025-02-04T16:00:11","date_gmt":"2025-02-04T22:00:11","guid":{"rendered":"https:\/\/fge.oaxaca.gob.mx\/?post_type=noticias&amp;p=8270"},"modified":"2025-02-04T16:00:11","modified_gmt":"2025-02-04T22:00:11","slug":"boletin-1224-fiscalia-de-oaxaca-ejecuta-orden-de-aprehension-y-detiene-a-una-persona-por-el-delito-de-violencia-familiar-cometido-en-la-costa","status":"publish","type":"noticias","link":"https:\/\/portal.fgeo.gob.mx\/index.php\/archivos\/noticias\/boletin-1224-fiscalia-de-oaxaca-ejecuta-orden-de-aprehension-y-detiene-a-una-persona-por-el-delito-de-violencia-familiar-cometido-en-la-costa","title":{"rendered":"BOLET\u00cdN 1,224.- Fiscal\u00eda de Oaxaca ejecuta orden de aprehensi\u00f3n y detiene a una persona por el delito de violencia familiar, cometido en la Costa"},"content":{"rendered":"<p><strong>Oaxaca de Ju\u00e1rez a 4 de febrero de 2025.-<\/strong> Como parte de la estrategia de cero tolerancia a delitos contra la mujer por raz\u00f3n de g\u00e9nero, la Fiscal\u00eda General del Estado de Oaxaca (FGEO) ejecut\u00f3 una orden de aprehensi\u00f3n en contra de una persona del sexo masculino identificada como J.R.M., por el delito de Violencia Familiar cometido en agravio de J.P.R, ocurrido en la regi\u00f3n de la Costa.<\/p>\n<p>De acuerdo con la denuncia penal del caso, los hechos ocurrieron en 2024, cuando la v\u00edctima se encontraba en su domicilio ubicado en la colonia La Lagunilla perteneciente al municipio de San Pedro Pochutla, lugar donde fue agredida verbal y f\u00edsicamente.<\/p>\n<p>Cuando la FGEO tom\u00f3 conocimiento del caso, inici\u00f3 las indagatorias con perspectiva de g\u00e9nero a trav\u00e9s de la Vicefiscal\u00eda Regional del Costa, logrando obtener una orden de aprehensi\u00f3n en contra de J.R.M., por el delito de violencia familiar.<\/p>\n<p>Una vez localizado, J.R.M., fue detenido por Agentes Estatales de Investigaci\u00f3n (AEI) y puesto a disposici\u00f3n de la autoridad ministerial correspondiente para determinar su situaci\u00f3n jur\u00eddica.<\/p>\n<p>La Fiscal\u00eda de Oaxaca est\u00e1 comprometida con brindar investigaciones prontas, especialmente en materia del delito de violencia familiar, pues con esto busca garantizar a las v\u00edctimas procesos de procuraci\u00f3n de justicia eficientes.<\/p>\n<p><img fetchpriority=\"high\" decoding=\"async\" class=\"size-medium wp-image-8271\" src=\"https:\/\/portal.fgeo.gob.mx\/wp-content\/uploads\/2025\/02\/Dise%C3%B1o-sin-t%C3%ADtulo-1-300x239.jpg\" alt=\"\" width=\"300\" height=\"239\" \/><\/p>\n","protected":false},"author":2,"featured_media":8223,"comment_status":"closed","ping_status":"closed","template":"","tags":[],"categoria_noticias":[],"class_list":["post-16539","noticias","type-noticias","status-publish","has-post-thumbnail","hentry"],"acf":[],"mb":[],"mfb_rest_fields":["title","gutenberg_elementor_mode"],"_links":{"self":[{"href":"https:\/\/portal.fgeo.gob.mx\/index.php\/wp-json\/wp\/v2\/noticias\/16539","targetHints":{"allow":["GET"]}}],"collection":[{"href":"https:\/\/portal.fgeo.gob.mx\/index.php\/wp-json\/wp\/v2\/noticias"}],"about":[{"href":"https:\/\/portal.fgeo.gob.mx\/index.php\/wp-json\/wp\/v2\/types\/noticias"}],"author":[{"embeddable":true,"href":"https:\/\/portal.fgeo.gob.mx\/index.php\/wp-json\/wp\/v2\/users\/2"}],"replies":[{"embeddable":true,"href":"https:\/\/portal.fgeo.gob.mx\/index.php\/wp-json\/wp\/v2\/comments?post=16539"}],"wp:featuredmedia":[{"embeddable":true,"href":"https:\/\/portal.fgeo.gob.mx\/index.php\/wp-json\/wp\/v2\/font-families\/(?P<font_family_id>[\\d]+)\/font-faces\/8223"}],"wp:attachment":[{"href":"https:\/\/portal.fgeo.gob.mx\/index.php\/wp-json\/wp\/v2\/media?parent=16539"}],"wp:term":[{"taxonomy":"post_tag","embeddable":true,"href":"https:\/\/portal.fgeo.gob.mx\/index.php\/wp-json\/wp\/v2\/tags?post=16539"},{"taxonomy":"categoria_noticias","embeddable":true,"href":"https:\/\/portal.fgeo.gob.mx\/index.php\/wp-json\/wp\/v2\/categoria_noticias?post=16539"}],"curies":[{"name":"wp","href":"https:\/\/api.w.org\/{rel}","templated":true}]}}