{"id":16538,"date":"2025-02-04T13:03:31","date_gmt":"2025-02-04T19:03:31","guid":{"rendered":"https:\/\/fge.oaxaca.gob.mx\/?post_type=noticias&amp;p=8264"},"modified":"2025-02-04T13:03:31","modified_gmt":"2025-02-04T19:03:31","slug":"boletin-1223-fiscalia-de-oaxaca-da-con-el-paradero-y-restituye-con-su-familia-a-cinco-personas-reportadas-como-no-localizadas-en-la-capital","status":"publish","type":"noticias","link":"https:\/\/portal.fgeo.gob.mx\/index.php\/archivos\/noticias\/boletin-1223-fiscalia-de-oaxaca-da-con-el-paradero-y-restituye-con-su-familia-a-cinco-personas-reportadas-como-no-localizadas-en-la-capital","title":{"rendered":"BOLET\u00cdN 1,223.- Fiscal\u00eda de Oaxaca da con el paradero y restituye con su familia a cinco personas reportadas como No Localizadas en la capital"},"content":{"rendered":"<p><strong>Oaxaca de Ju\u00e1rez a 4 de febrero de 2025.-<\/strong> El trabajo efectivo que realizan las \u00e1reas especializadas en personas no localizadas de la Fiscal\u00eda General del Estado de Oaxaca (FGEO) hizo posible dar con el paradero de cinco personas reportadas como No Localizadas, hechos que sucedieron en diferentes puntos de la ciudad de Oaxaca de Ju\u00e1rez.<\/p>\n<p>Luego de recibir la denuncia inmediata por parte de familiares de las v\u00edctimas, la Fiscal\u00eda de Oaxaca a trav\u00e9s de la Unidad de B\u00fasqueda de Personas Desaparecidas y No Localizadas (DNOL), perteneciente a la Vicefiscal\u00eda General de Atenci\u00f3n a V\u00edctimas y la Sociedad, se implementaron los actos de investigaci\u00f3n y las acciones en campo para conocer el contexto de las personas reportadas como no localizadas en diferentes casos.<\/p>\n<p>El primer caso se trata de una adolescente identificada como M.Z.L.H., quien fue vista por \u00faltima vez el 14 de enero de 2025, en su domicilio ubicado en la localidad de Reyes Mantec\u00f3n, en el municipio de San Bartolo Coyotepec.<\/p>\n<p>Mientras que N.T.M., se contact\u00f3 v\u00eda telef\u00f3nica con sus familiares por \u00faltima vez en julio de 2024, momento en que se desconoci\u00f3 su paradero.<\/p>\n<p>En el tercer caso, la Fiscal\u00eda de Oaxaca recibi\u00f3 una denuncia por la No Localizaci\u00f3n de A.F.G., quien fue vista por \u00faltima vez el 27 de enero de 2025, en el municipio de San Jer\u00f3nimo Tlacochahuaya.<\/p>\n<p>El cuarto caso se trata de una adolescente identificada como E.C.V., quien fue vista por \u00faltima vez el 31 de enero de 2025, en la calle de Manuel Garc\u00eda Vigil, en el Centro Hist\u00f3rico de la ciudad de Oaxaca de Ju\u00e1rez.<\/p>\n<p>Y el quinto caso se trata de S.M.G., quien se dirig\u00eda a la poblaci\u00f3n de Agua del Sol, en el municipio de Miahuatl\u00e1n de Porfirio D\u00edaz, sin embargo, no lleg\u00f3 a su destino, perdiendo contacto con su familia.<\/p>\n<p>Como resultado de los trabajos individualizados en materia de b\u00fasqueda y localizaci\u00f3n de personas, la Fiscal\u00eda de Oaxaca logr\u00f3 establecer el paradero de las cinco personas reportadas como No Localizadas, posteriormente fueron restituidas con sus familias.<\/p>\n<p>En casos de ausencias o reporte de personas No Localizadas, la denuncia oportuna y pronta ante la Fiscal\u00eda de Oaxaca es clave en las labores de b\u00fasqueda y localizaci\u00f3n, pues la instituci\u00f3n cuenta con equipo especializado con una tasa de efectividad para que las personas vuelvan con sus familias.<\/p>\n<p><img fetchpriority=\"high\" decoding=\"async\" class=\"alignnone size-medium wp-image-8265\" src=\"https:\/\/portal.fgeo.gob.mx\/wp-content\/uploads\/2025\/02\/WhatsApp-Image-2025-02-04-at-11.32.45-AM-182x300.jpeg\" alt=\"\" width=\"182\" height=\"300\" \/><img decoding=\"async\" class=\"alignnone size-medium wp-image-8267\" src=\"https:\/\/portal.fgeo.gob.mx\/wp-content\/uploads\/2025\/02\/WhatsApp-Image-2025-02-04-at-11.32.47-AM-1-182x300.jpeg\" alt=\"\" width=\"182\" height=\"300\" \/> <img decoding=\"async\" class=\"alignnone size-medium wp-image-8266\" src=\"https:\/\/portal.fgeo.gob.mx\/wp-content\/uploads\/2025\/02\/WhatsApp-Image-2025-02-04-at-11.32.46-AM-185x300.jpeg\" alt=\"\" width=\"185\" height=\"300\" \/> <img loading=\"lazy\" decoding=\"async\" class=\"alignnone size-medium wp-image-8268\" src=\"https:\/\/portal.fgeo.gob.mx\/wp-content\/uploads\/2025\/02\/WhatsApp-Image-2025-02-04-at-11.32.47-AM-182x300.jpeg\" alt=\"\" width=\"182\" height=\"300\" \/> <img loading=\"lazy\" decoding=\"async\" class=\"alignnone size-medium wp-image-8269\" src=\"https:\/\/portal.fgeo.gob.mx\/wp-content\/uploads\/2025\/02\/WhatsApp-Image-2025-02-04-at-11.32.48-AM-183x300.jpeg\" alt=\"\" width=\"183\" height=\"300\" \/><\/p>\n","protected":false},"author":2,"featured_media":8223,"comment_status":"closed","ping_status":"closed","template":"","tags":[],"categoria_noticias":[],"class_list":["post-16538","noticias","type-noticias","status-publish","has-post-thumbnail","hentry"],"acf":[],"mb":[],"mfb_rest_fields":["title","gutenberg_elementor_mode"],"_links":{"self":[{"href":"https:\/\/portal.fgeo.gob.mx\/index.php\/wp-json\/wp\/v2\/noticias\/16538","targetHints":{"allow":["GET"]}}],"collection":[{"href":"https:\/\/portal.fgeo.gob.mx\/index.php\/wp-json\/wp\/v2\/noticias"}],"about":[{"href":"https:\/\/portal.fgeo.gob.mx\/index.php\/wp-json\/wp\/v2\/types\/noticias"}],"author":[{"embeddable":true,"href":"https:\/\/portal.fgeo.gob.mx\/index.php\/wp-json\/wp\/v2\/users\/2"}],"replies":[{"embeddable":true,"href":"https:\/\/portal.fgeo.gob.mx\/index.php\/wp-json\/wp\/v2\/comments?post=16538"}],"wp:featuredmedia":[{"embeddable":true,"href":"https:\/\/portal.fgeo.gob.mx\/index.php\/wp-json\/wp\/v2\/font-families\/(?P<font_family_id>[\\d]+)\/font-faces\/8223"}],"wp:attachment":[{"href":"https:\/\/portal.fgeo.gob.mx\/index.php\/wp-json\/wp\/v2\/media?parent=16538"}],"wp:term":[{"taxonomy":"post_tag","embeddable":true,"href":"https:\/\/portal.fgeo.gob.mx\/index.php\/wp-json\/wp\/v2\/tags?post=16538"},{"taxonomy":"categoria_noticias","embeddable":true,"href":"https:\/\/portal.fgeo.gob.mx\/index.php\/wp-json\/wp\/v2\/categoria_noticias?post=16538"}],"curies":[{"name":"wp","href":"https:\/\/api.w.org\/{rel}","templated":true}]}}