{"id":16537,"date":"2025-02-04T11:11:39","date_gmt":"2025-02-04T17:11:39","guid":{"rendered":"https:\/\/fge.oaxaca.gob.mx\/?post_type=noticias&amp;p=8263"},"modified":"2025-02-04T11:11:39","modified_gmt":"2025-02-04T17:11:39","slug":"boletin-1222-fiscalia-de-oaxaca-aprehende-a-una-persona-por-homicidio-cometido-en-la-region-de-la-costa","status":"publish","type":"noticias","link":"https:\/\/portal.fgeo.gob.mx\/index.php\/archivos\/noticias\/boletin-1222-fiscalia-de-oaxaca-aprehende-a-una-persona-por-homicidio-cometido-en-la-region-de-la-costa","title":{"rendered":"BOLET\u00cdN 1,222.- Fiscal\u00eda de Oaxaca aprehende a una persona por homicidio cometido en la regi\u00f3n de la Costa"},"content":{"rendered":"<p style=\"font-weight: 400\"><strong>Oaxaca de Ju\u00e1rez a 4 de febrero de 2025.-<\/strong>\u00a0La Fiscal\u00eda General del Estado de Oaxaca (FGEO) dio cumplimiento a una orden de aprehensi\u00f3n en contra de una persona del sexo masculino identificada como J.M.B.S., alias &#8220;La Changuita&#8221;, por el delito de homicidio calificado con ventaja, ocurrido en regi\u00f3n de la Costa.<\/p>\n<p style=\"font-weight: 400\">\n<p style=\"font-weight: 400\">De acuerdo con lo asentado en el expediente penal, los hechos ocurrieron el 27 de enero de 2025, cuando la v\u00edctima -identificada como D.B.M.- caminaba sobre un camino de terracer\u00eda de la comunidad de Bajos de Chila perteneciente a San Pedro Mixtepec, lugar donde fue agredido con una arma corto- contundente (machete), infligiendo lesiones que les ocasionaron la muerte.<\/p>\n<p style=\"font-weight: 400\">\n<p style=\"font-weight: 400\">Derivado de los hechos, la Fiscal\u00eda General del Estado de Oaxaca \u00f1, a trav\u00e9s de la Vicefiscal\u00eda Regional de la Costa, inici\u00f3 los trabajos de investigaci\u00f3n e inteligencia criminal, que permitieron obtener una orden de aprehensi\u00f3n y posteriormente la detenci\u00f3n de J.M.B.S., con apoyo de elementos de la Secretar\u00eda de la Defensa Nacional (DEFENSA) y de la Polic\u00eda Estatal de la Secretar\u00eda de Seguridad y Protecci\u00f3n Ciudadana de Oaxaca, para despu\u00e9s ponerlo a disposici\u00f3n de la autoridad que lo requiri\u00f3 y llevarlo a su audiencia de control.<\/p>\n<p style=\"font-weight: 400\">\n<p style=\"font-weight: 400\">La Fiscal\u00eda de Oaxaca garantiza investigaciones exhaustivas para esclarecer delitos, aplicando las herramientas legales para castigar a quien o quienes resulten responsables.<\/p>\n<p style=\"font-weight: 400\">\n","protected":false},"author":2,"featured_media":8223,"comment_status":"closed","ping_status":"closed","template":"","tags":[],"categoria_noticias":[],"class_list":["post-16537","noticias","type-noticias","status-publish","has-post-thumbnail","hentry"],"acf":[],"mb":[],"mfb_rest_fields":["title","gutenberg_elementor_mode"],"_links":{"self":[{"href":"https:\/\/portal.fgeo.gob.mx\/index.php\/wp-json\/wp\/v2\/noticias\/16537","targetHints":{"allow":["GET"]}}],"collection":[{"href":"https:\/\/portal.fgeo.gob.mx\/index.php\/wp-json\/wp\/v2\/noticias"}],"about":[{"href":"https:\/\/portal.fgeo.gob.mx\/index.php\/wp-json\/wp\/v2\/types\/noticias"}],"author":[{"embeddable":true,"href":"https:\/\/portal.fgeo.gob.mx\/index.php\/wp-json\/wp\/v2\/users\/2"}],"replies":[{"embeddable":true,"href":"https:\/\/portal.fgeo.gob.mx\/index.php\/wp-json\/wp\/v2\/comments?post=16537"}],"wp:featuredmedia":[{"embeddable":true,"href":"https:\/\/portal.fgeo.gob.mx\/index.php\/wp-json\/wp\/v2\/font-families\/(?P<font_family_id>[\\d]+)\/font-faces\/8223"}],"wp:attachment":[{"href":"https:\/\/portal.fgeo.gob.mx\/index.php\/wp-json\/wp\/v2\/media?parent=16537"}],"wp:term":[{"taxonomy":"post_tag","embeddable":true,"href":"https:\/\/portal.fgeo.gob.mx\/index.php\/wp-json\/wp\/v2\/tags?post=16537"},{"taxonomy":"categoria_noticias","embeddable":true,"href":"https:\/\/portal.fgeo.gob.mx\/index.php\/wp-json\/wp\/v2\/categoria_noticias?post=16537"}],"curies":[{"name":"wp","href":"https:\/\/api.w.org\/{rel}","templated":true}]}}