{"id":16536,"date":"2025-02-03T11:00:20","date_gmt":"2025-02-03T17:00:20","guid":{"rendered":"https:\/\/fge.oaxaca.gob.mx\/?post_type=noticias&amp;p=8259"},"modified":"2025-02-03T11:00:20","modified_gmt":"2025-02-03T17:00:20","slug":"boletin-1221-fiscalia-de-oaxaca-en-colaboracion-con-sspc-federal-y-defensa-ejecutan-orden-de-aprehension-y-queda-en-prision-preventiva-una-persona-por-desaparicion-cometida-por-particulares-en-agr","status":"publish","type":"noticias","link":"https:\/\/portal.fgeo.gob.mx\/index.php\/archivos\/noticias\/boletin-1221-fiscalia-de-oaxaca-en-colaboracion-con-sspc-federal-y-defensa-ejecutan-orden-de-aprehension-y-queda-en-prision-preventiva-una-persona-por-desaparicion-cometida-por-particulares-en-agr","title":{"rendered":"BOLET\u00cdN 1,221.- Fiscal\u00eda de Oaxaca en colaboraci\u00f3n con SSPC Federal y DEFENSA, ejecutan orden de aprehensi\u00f3n y queda en prisi\u00f3n preventiva una persona por Desaparici\u00f3n Cometida por Particulares en agravio de activista Sandra Dom\u00ednguez y Alexander Hern\u00e1ndez"},"content":{"rendered":"<p><strong>Oaxaca de Ju\u00e1rez a 3 de febrero de 2025.-<\/strong> Derivado de las investigaciones que realiza la Fiscal\u00eda General del Estado de Oaxaca (FGEO), as\u00ed como la estrecha colaboraci\u00f3n con la Secretar\u00eda Seguridad y Protecci\u00f3n Ciudadana de la Rep\u00fablica y la Secretar\u00eda de la Defensa Nacional (DEFENSA), fue posible ejecutar una orden de aprehensi\u00f3n en contra de una mujer identificada como Cruz Esmeralda M. R., por el delito de Desaparici\u00f3n Cometida por Particulares, en agravio de Sandra Estefana Dom\u00ednguez Mart\u00ednez y Alexander Hern\u00e1ndez Hern\u00e1ndez.<\/p>\n<p>&nbsp;<\/p>\n<p>Como resultado de un operativo conjunto en el que particip\u00f3 la FGEO a trav\u00e9s de la Vicefiscal\u00eda General de Atenci\u00f3n a V\u00edctimas y a la Sociedad, as\u00ed como el grupo de Desaparici\u00f3n de Personas de la Agencia Estatal de Investigaciones, se logr\u00f3 la detenci\u00f3n de Cruz Esmeralda M. R.<\/p>\n<p>&nbsp;<\/p>\n<p>El despliegue t\u00e1ctico se llev\u00f3 a cabo en calles de la Agencia Municipal Francisco Villa, en el municipio de Santiago Yaveo, en el distrito de Cho\u00e1pam, en la regi\u00f3n de la Cuenca del Papalopan.<\/p>\n<p>&nbsp;<\/p>\n<p>Luego de la detenci\u00f3n, Cruz Esmeralda M. R. fue puesta a disposici\u00f3n del agente del Ministerio P\u00fablico para posteriormente presentarlo ante la juez de control, la cual decret\u00f3 prisi\u00f3n provisional y permanecer\u00e1 en el centro de reclusi\u00f3n de Tanivet hasta que la Jueza resuelva su situaci\u00f3n jur\u00eddica.<\/p>\n<p>&nbsp;<\/p>\n<p>De acuerdo con el expediente penal del caso, los hechos, las v\u00edctimas &#8211; Sandra Estefana Dom\u00ednguez Mart\u00ednez y Alexander Hern\u00e1ndez Hern\u00e1ndez- fueron vistas por \u00faltima vez el 4 de octubre de 2024 en Mar\u00eda Lombardo de Caso, perteneciente al municipio de San Juan Cotzoc\u00f3n.<\/p>\n<p>&nbsp;<\/p>\n<p>A partir de ese momento, la Fiscal\u00eda de Oaxaca activ\u00f3 los protocolos de b\u00fasqueda correspondientes y estableci\u00f3 los canales de coordinaci\u00f3n con los tres niveles de gobierno, llevando a cabo acciones de b\u00fasqueda e investigaci\u00f3n que fortalecen las l\u00edneas de investigaci\u00f3n que condujeron a la detenci\u00f3n de Cruz Esmeralda M. R.<\/p>\n<p><img fetchpriority=\"high\" decoding=\"async\" class=\"alignnone size-medium wp-image-8260\" src=\"https:\/\/portal.fgeo.gob.mx\/wp-content\/uploads\/2025\/02\/WhatsApp-Image-2025-02-02-at-11.30.54-AM-1-182x300.jpeg\" alt=\"\" width=\"182\" height=\"300\" \/> <img decoding=\"async\" class=\"alignnone size-medium wp-image-8261\" src=\"https:\/\/portal.fgeo.gob.mx\/wp-content\/uploads\/2025\/02\/WhatsApp-Image-2025-02-02-at-11.30.54-AM-182x300.jpeg\" alt=\"\" width=\"182\" height=\"300\" \/><\/p>\n<figure id=\"attachment_8262\" aria-describedby=\"caption-attachment-8262\" style=\"width: 300px\" class=\"wp-caption alignnone\"><img decoding=\"async\" class=\"size-medium wp-image-8262\" src=\"https:\/\/portal.fgeo.gob.mx\/wp-content\/uploads\/2025\/02\/Dise%C3%B1o-sin-t%C3%ADtulo-copia-300x138.jpg\" alt=\"\" width=\"300\" height=\"138\" \/><figcaption id=\"caption-attachment-8262\" class=\"wp-caption-text\">Dise\u00f1o sin t\u00edtulo &#8211; 1<\/figcaption><\/figure>\n","protected":false},"author":2,"featured_media":8223,"comment_status":"closed","ping_status":"closed","template":"","tags":[],"categoria_noticias":[],"class_list":["post-16536","noticias","type-noticias","status-publish","has-post-thumbnail","hentry"],"acf":[],"mb":[],"mfb_rest_fields":["title","gutenberg_elementor_mode"],"_links":{"self":[{"href":"https:\/\/portal.fgeo.gob.mx\/index.php\/wp-json\/wp\/v2\/noticias\/16536","targetHints":{"allow":["GET"]}}],"collection":[{"href":"https:\/\/portal.fgeo.gob.mx\/index.php\/wp-json\/wp\/v2\/noticias"}],"about":[{"href":"https:\/\/portal.fgeo.gob.mx\/index.php\/wp-json\/wp\/v2\/types\/noticias"}],"author":[{"embeddable":true,"href":"https:\/\/portal.fgeo.gob.mx\/index.php\/wp-json\/wp\/v2\/users\/2"}],"replies":[{"embeddable":true,"href":"https:\/\/portal.fgeo.gob.mx\/index.php\/wp-json\/wp\/v2\/comments?post=16536"}],"wp:featuredmedia":[{"embeddable":true,"href":"https:\/\/portal.fgeo.gob.mx\/index.php\/wp-json\/wp\/v2\/font-families\/(?P<font_family_id>[\\d]+)\/font-faces\/8223"}],"wp:attachment":[{"href":"https:\/\/portal.fgeo.gob.mx\/index.php\/wp-json\/wp\/v2\/media?parent=16536"}],"wp:term":[{"taxonomy":"post_tag","embeddable":true,"href":"https:\/\/portal.fgeo.gob.mx\/index.php\/wp-json\/wp\/v2\/tags?post=16536"},{"taxonomy":"categoria_noticias","embeddable":true,"href":"https:\/\/portal.fgeo.gob.mx\/index.php\/wp-json\/wp\/v2\/categoria_noticias?post=16536"}],"curies":[{"name":"wp","href":"https:\/\/api.w.org\/{rel}","templated":true}]}}