{"id":16534,"date":"2025-01-31T16:00:46","date_gmt":"2025-01-31T22:00:46","guid":{"rendered":"https:\/\/fge.oaxaca.gob.mx\/?post_type=noticias&amp;p=8255"},"modified":"2025-01-31T16:00:46","modified_gmt":"2025-01-31T22:00:46","slug":"boletin-1219-obtiene-fgeo-vinculacion-a-proceso-y-prision-contra-dos-personas-por-homicidio-cometido-en-pinotepa-nacional-en-la-region-de-la-costa","status":"publish","type":"noticias","link":"https:\/\/portal.fgeo.gob.mx\/index.php\/archivos\/noticias\/boletin-1219-obtiene-fgeo-vinculacion-a-proceso-y-prision-contra-dos-personas-por-homicidio-cometido-en-pinotepa-nacional-en-la-region-de-la-costa","title":{"rendered":"BOLET\u00cdN 1,219.-Obtiene FGEO vinculaci\u00f3n a proceso y prisi\u00f3n contra dos personas por homicidio cometido en Pinotepa Nacional, en la regi\u00f3n de la Costa"},"content":{"rendered":"<p><strong>Oaxaca de Ju\u00e1rez a 31 de enero de 2025.-<\/strong> La Fiscal\u00eda General del Estado de Oaxaca (FGEO) obtuvo auto de vinculaci\u00f3n a proceso en contra de dos personas: una del sexo masculino identificada como L.F.L.C., y una mujer con iniciales L.L.P.M., por el delito de Homicidio Calificado con Ventaja en agravio de una persona, cometido en Santiago Pinotepa Nacional en la regi\u00f3n de la Costa.<\/p>\n<p>De acuerdo con lo asentado en el expediente penal del caso, los hechos ocurrieron el 10 de noviembre de 2024, cuando la v\u00edctima identificada como G.E.Z.C., se encontraba en su domicilio ubicado en la colonia El Porvenir del municipio de Santiago Pinotepa Nacional, lugar hasta donde llegaron los agresores que atacaron a la v\u00edctima con un objeto contundente (tubo o varilla) provoc\u00e1ndole lesiones que lo privaron de la vida.<\/p>\n<p>Tras estos hechos, la FGEO inici\u00f3 las investigaciones correspondientes que quedaron a cargo de la Vicefiscal\u00eda Regional de la Costa, logrando obtener una orden de aprehensi\u00f3n contra L.F.L.C. y L.L.P.M, quienes fueron detenidos y posteriormente presentados ante el juzgado que los requiri\u00f3 para iniciar su proceso legal.<\/p>\n<p>Una vez valorados los datos de prueba aportados por la FGEO, el Juez que atiende la causa determin\u00f3 vincular a proceso a L.F.L.C. y L.L.P.M, por el delito de Homicidio Calificado con Ventaja, adem\u00e1s de imponer la medida cautelar de prisi\u00f3n preventiva definitiva, otorgando el plazo de un mes para el cierre de investigaci\u00f3n complementaria.<\/p>\n<p>La Fiscal\u00eda General garantiza investigaciones exhaustivas para esclarecer delitos, aplicando las herramientas legales para castigar a quien o quienes resulten responsables.<\/p>\n<p><img fetchpriority=\"high\" decoding=\"async\" class=\"size-medium wp-image-8256\" src=\"https:\/\/portal.fgeo.gob.mx\/wp-content\/uploads\/2025\/01\/Dise%C3%B1o-sin-t%C3%ADtulo-1-4-291x300.jpg\" alt=\"\" width=\"291\" height=\"300\" \/><\/p>\n<p><img decoding=\"async\" class=\"size-medium wp-image-8257\" src=\"https:\/\/portal.fgeo.gob.mx\/wp-content\/uploads\/2025\/01\/Dise%C3%B1o-sin-t%C3%ADtulo-16-300x297.jpg\" alt=\"\" width=\"300\" height=\"297\" \/><\/p>\n","protected":false},"author":2,"featured_media":8223,"comment_status":"closed","ping_status":"closed","template":"","tags":[],"categoria_noticias":[],"class_list":["post-16534","noticias","type-noticias","status-publish","has-post-thumbnail","hentry"],"acf":[],"mb":[],"mfb_rest_fields":["title","gutenberg_elementor_mode"],"_links":{"self":[{"href":"https:\/\/portal.fgeo.gob.mx\/index.php\/wp-json\/wp\/v2\/noticias\/16534","targetHints":{"allow":["GET"]}}],"collection":[{"href":"https:\/\/portal.fgeo.gob.mx\/index.php\/wp-json\/wp\/v2\/noticias"}],"about":[{"href":"https:\/\/portal.fgeo.gob.mx\/index.php\/wp-json\/wp\/v2\/types\/noticias"}],"author":[{"embeddable":true,"href":"https:\/\/portal.fgeo.gob.mx\/index.php\/wp-json\/wp\/v2\/users\/2"}],"replies":[{"embeddable":true,"href":"https:\/\/portal.fgeo.gob.mx\/index.php\/wp-json\/wp\/v2\/comments?post=16534"}],"wp:featuredmedia":[{"embeddable":true,"href":"https:\/\/portal.fgeo.gob.mx\/index.php\/wp-json\/wp\/v2\/font-families\/(?P<font_family_id>[\\d]+)\/font-faces\/8223"}],"wp:attachment":[{"href":"https:\/\/portal.fgeo.gob.mx\/index.php\/wp-json\/wp\/v2\/media?parent=16534"}],"wp:term":[{"taxonomy":"post_tag","embeddable":true,"href":"https:\/\/portal.fgeo.gob.mx\/index.php\/wp-json\/wp\/v2\/tags?post=16534"},{"taxonomy":"categoria_noticias","embeddable":true,"href":"https:\/\/portal.fgeo.gob.mx\/index.php\/wp-json\/wp\/v2\/categoria_noticias?post=16534"}],"curies":[{"name":"wp","href":"https:\/\/api.w.org\/{rel}","templated":true}]}}