{"id":16533,"date":"2025-01-31T10:18:04","date_gmt":"2025-01-31T16:18:04","guid":{"rendered":"https:\/\/fge.oaxaca.gob.mx\/?post_type=noticias&amp;p=8250"},"modified":"2025-01-31T10:18:04","modified_gmt":"2025-01-31T16:18:04","slug":"boletin-1217-obtiene-fgeo-sentencia-de-112-anos-de-prision-contra-responsables-de-homicidio-y-robo-ocurrido-en-la-sierra-sur","status":"publish","type":"noticias","link":"https:\/\/portal.fgeo.gob.mx\/index.php\/archivos\/noticias\/boletin-1217-obtiene-fgeo-sentencia-de-112-anos-de-prision-contra-responsables-de-homicidio-y-robo-ocurrido-en-la-sierra-sur","title":{"rendered":"BOLET\u00cdN 1,217.- Obtiene FGEO sentencia de 112 a\u00f1os de prisi\u00f3n contra responsables de homicidio y robo ocurrido en la Sierra Sur"},"content":{"rendered":"<p><strong>Oaxaca de Ju\u00e1rez a 31 de enero de 2025.-<\/strong> La investigaci\u00f3n de delitos de alto impacto que corren a cargo de la Fiscal\u00eda General del Estado de Oaxaca (FGEO) dio como resultado la obtenci\u00f3n de dos sentencias condenatorias que suman un total de 112 a\u00f1os de prisi\u00f3n, en contra de dos personas, un hombre y una mujer, identificados como V\u00edctor M.G.P y Teresa M.A., responsables por los delitos de homicidio calificado con ventaja, tentativa de homicidio calificado y robo, ocurrido en la regi\u00f3n de la Sierra Sur.<\/p>\n<p>De acuerdo con lo asentado en los legajos de investigaci\u00f3n, los hechos ocurrieron el 22 de enero de 2021, cuando las v\u00edctimas -una mujer identificada como M.G.A y un menor de edad cuya identidad est\u00e1 reservada por ley- se encontraban en su domicilio ubicado en la agencia de polic\u00eda R\u00edo Nube del municipio de San Lorenzo Texmelucan, perteneciente al distrito de Sola de Vega.<\/p>\n<p>La investigaci\u00f3n detalla que a ese lugar llegaron los sentenciados y con un machete y cuchillo, atacaron a las v\u00edctimas, privando de la vida a la mujer y lesionaron al menor de edad, para despu\u00e9s despojarlos de dinero en efectivo.<\/p>\n<p>Luego de que la FGEO tom\u00f3 conocimiento del caso, inici\u00f3 las investigaciones correspondientes a trav\u00e9s de la Vicefiscal\u00eda General de Control Regional, que permitieron obtener una orden de aprehensi\u00f3n y posteriormente la detenci\u00f3n de V\u00edctor M.G.P y Teresa M.A., quienes fueron presentados ante el Juez de la causa para su proceso legal correspondiente.<\/p>\n<p>Luego de evaluar los datos de prueba aportados por la FGEO, el Tribunal de Enjuiciamiento dict\u00f3 sentencia condenatoria de 56 a\u00f1os de prisi\u00f3n en contra de cada uno de los responsables por los delitos de homicidio calificado con ventaja, tentativa de homicidio calificado y robo, ordenando el pago de una multa y la reparaci\u00f3n del da\u00f1o en abstracto.<\/p>\n<p>El empleo de protocolos y la aplicaci\u00f3n de t\u00e9cnicas cient\u00edficas en las investigaciones de cr\u00edmenes, permiten a la Fiscal\u00eda de Oaxaca tener certeza en los trabajos de procuraci\u00f3n de justicia en el estado.<\/p>\n<figure id=\"attachment_8251\" aria-describedby=\"caption-attachment-8251\" style=\"width: 238px\" class=\"wp-caption alignnone\"><img fetchpriority=\"high\" decoding=\"async\" class=\"size-medium wp-image-8251\" src=\"https:\/\/portal.fgeo.gob.mx\/wp-content\/uploads\/2025\/01\/Dise%C3%B1o-sin-t%C3%ADtulo-1-3-238x300.jpg\" alt=\"\" width=\"238\" height=\"300\" \/><figcaption id=\"caption-attachment-8251\" class=\"wp-caption-text\">Dise\u00f1o sin t\u00edtulo &#8211; 1<\/figcaption><\/figure>\n<p><img decoding=\"async\" class=\"alignnone size-medium wp-image-8252\" src=\"https:\/\/portal.fgeo.gob.mx\/wp-content\/uploads\/2025\/01\/Dise%C3%B1o-sin-t%C3%ADtulo-14-168x300.jpg\" alt=\"\" width=\"168\" height=\"300\" \/><\/p>\n<p>&nbsp;<\/p>\n","protected":false},"author":2,"featured_media":8223,"comment_status":"closed","ping_status":"closed","template":"","tags":[],"categoria_noticias":[],"class_list":["post-16533","noticias","type-noticias","status-publish","has-post-thumbnail","hentry"],"acf":[],"mb":[],"mfb_rest_fields":["title","gutenberg_elementor_mode"],"_links":{"self":[{"href":"https:\/\/portal.fgeo.gob.mx\/index.php\/wp-json\/wp\/v2\/noticias\/16533","targetHints":{"allow":["GET"]}}],"collection":[{"href":"https:\/\/portal.fgeo.gob.mx\/index.php\/wp-json\/wp\/v2\/noticias"}],"about":[{"href":"https:\/\/portal.fgeo.gob.mx\/index.php\/wp-json\/wp\/v2\/types\/noticias"}],"author":[{"embeddable":true,"href":"https:\/\/portal.fgeo.gob.mx\/index.php\/wp-json\/wp\/v2\/users\/2"}],"replies":[{"embeddable":true,"href":"https:\/\/portal.fgeo.gob.mx\/index.php\/wp-json\/wp\/v2\/comments?post=16533"}],"wp:featuredmedia":[{"embeddable":true,"href":"https:\/\/portal.fgeo.gob.mx\/index.php\/wp-json\/wp\/v2\/font-families\/(?P<font_family_id>[\\d]+)\/font-faces\/8223"}],"wp:attachment":[{"href":"https:\/\/portal.fgeo.gob.mx\/index.php\/wp-json\/wp\/v2\/media?parent=16533"}],"wp:term":[{"taxonomy":"post_tag","embeddable":true,"href":"https:\/\/portal.fgeo.gob.mx\/index.php\/wp-json\/wp\/v2\/tags?post=16533"},{"taxonomy":"categoria_noticias","embeddable":true,"href":"https:\/\/portal.fgeo.gob.mx\/index.php\/wp-json\/wp\/v2\/categoria_noticias?post=16533"}],"curies":[{"name":"wp","href":"https:\/\/api.w.org\/{rel}","templated":true}]}}