{"id":16532,"date":"2025-01-30T16:00:13","date_gmt":"2025-01-30T22:00:13","guid":{"rendered":"https:\/\/fge.oaxaca.gob.mx\/?post_type=noticias&amp;p=8243"},"modified":"2025-01-30T16:00:13","modified_gmt":"2025-01-30T22:00:13","slug":"boletin-1216-fiscalia-de-oaxaca-ejecuta-orden-de-aprehension-por-el-delito-de-violacion-ocurrida-en-la-region-de-la-sierra-de-flores-magon","status":"publish","type":"noticias","link":"https:\/\/portal.fgeo.gob.mx\/index.php\/archivos\/noticias\/boletin-1216-fiscalia-de-oaxaca-ejecuta-orden-de-aprehension-por-el-delito-de-violacion-ocurrida-en-la-region-de-la-sierra-de-flores-magon","title":{"rendered":"BOLET\u00cdN 1,216.- Fiscal\u00eda de Oaxaca ejecuta orden de aprehensi\u00f3n por el delito de violaci\u00f3n ocurrida en la regi\u00f3n de la Sierra de Flores Mag\u00f3n"},"content":{"rendered":"<p><strong>Oaxaca de Ju\u00e1rez a 30 de enero de 2025.-<\/strong> La Fiscal\u00eda General del Estado de Oaxaca (FGEO) dio cumplimiento a una orden de aprehensi\u00f3n en contra de una persona del sexo masculino identificada como F.G.A. o F.G.M., por el delito de violaci\u00f3n, hechos cometido en agravio de una adolescente en la regi\u00f3n de la Sierra de Flores Mag\u00f3n.<\/p>\n<p>De acuerdo con el expediente penal, la agresi\u00f3n sexual ocurri\u00f3 el 21 de julio de 2024, cuando la v\u00edctima (cuya identidad est\u00e1 protegida por ley) contaba con 13 a\u00f1os de edad y se encontraba en inmediaciones del municipio de San Juan Bautista Cuicatl\u00e1n.<\/p>\n<p>En el lugar, la v\u00edctima fue interceptada y agredida de manera sexual, conducta tipificada como el delito de violaci\u00f3n.<\/p>\n<p>Al tener conocimiento de los hechos derivado de la denuncia, la FGEO inici\u00f3 las investigaciones correspondientes a trav\u00e9s de la Vicefiscal\u00eda General de Control Regional, reuniendo las pruebas necesarias que permitieron obtener una orden de aprehensi\u00f3n y posterior detenci\u00f3n en contra de F.G.A. o F.G.M., la cual fue ejecutada por elementos de la Agencia Estatal de Investigaciones, quienes lo trasladaron ante la autoridad que lo requiri\u00f3 para resolver su situaci\u00f3n jur\u00eddica.<\/p>\n<p>La Fiscal\u00eda General del Estado de Oaxaca prioriza las investigaciones relacionadas con delitos cometidos contra las mujeres, ni\u00f1as y adolescentes, para presentar ante la justicia a los responsables a fin de garantizar el derecho a una vida libre de violencia.<\/p>\n<figure id=\"attachment_8244\" aria-describedby=\"caption-attachment-8244\" style=\"width: 223px\" class=\"wp-caption alignnone\"><img fetchpriority=\"high\" decoding=\"async\" class=\"size-medium wp-image-8244\" src=\"https:\/\/portal.fgeo.gob.mx\/wp-content\/uploads\/2025\/01\/Dise%C3%B1o-sin-t%C3%ADtulo-13-223x300.jpg\" alt=\"\" width=\"223\" height=\"300\" \/><figcaption id=\"caption-attachment-8244\" class=\"wp-caption-text\">Dise\u00f1o sin t\u00edtulo &#8211; 1<\/figcaption><\/figure>\n","protected":false},"author":2,"featured_media":8223,"comment_status":"closed","ping_status":"closed","template":"","tags":[],"categoria_noticias":[],"class_list":["post-16532","noticias","type-noticias","status-publish","has-post-thumbnail","hentry"],"acf":[],"mb":[],"mfb_rest_fields":["title","gutenberg_elementor_mode"],"_links":{"self":[{"href":"https:\/\/portal.fgeo.gob.mx\/index.php\/wp-json\/wp\/v2\/noticias\/16532","targetHints":{"allow":["GET"]}}],"collection":[{"href":"https:\/\/portal.fgeo.gob.mx\/index.php\/wp-json\/wp\/v2\/noticias"}],"about":[{"href":"https:\/\/portal.fgeo.gob.mx\/index.php\/wp-json\/wp\/v2\/types\/noticias"}],"author":[{"embeddable":true,"href":"https:\/\/portal.fgeo.gob.mx\/index.php\/wp-json\/wp\/v2\/users\/2"}],"replies":[{"embeddable":true,"href":"https:\/\/portal.fgeo.gob.mx\/index.php\/wp-json\/wp\/v2\/comments?post=16532"}],"wp:featuredmedia":[{"embeddable":true,"href":"https:\/\/portal.fgeo.gob.mx\/index.php\/wp-json\/wp\/v2\/font-families\/(?P<font_family_id>[\\d]+)\/font-faces\/8223"}],"wp:attachment":[{"href":"https:\/\/portal.fgeo.gob.mx\/index.php\/wp-json\/wp\/v2\/media?parent=16532"}],"wp:term":[{"taxonomy":"post_tag","embeddable":true,"href":"https:\/\/portal.fgeo.gob.mx\/index.php\/wp-json\/wp\/v2\/tags?post=16532"},{"taxonomy":"categoria_noticias","embeddable":true,"href":"https:\/\/portal.fgeo.gob.mx\/index.php\/wp-json\/wp\/v2\/categoria_noticias?post=16532"}],"curies":[{"name":"wp","href":"https:\/\/api.w.org\/{rel}","templated":true}]}}