{"id":16528,"date":"2025-01-29T12:20:23","date_gmt":"2025-01-29T18:20:23","guid":{"rendered":"https:\/\/fge.oaxaca.gob.mx\/?post_type=noticias&amp;p=8230"},"modified":"2025-01-29T12:20:23","modified_gmt":"2025-01-29T18:20:23","slug":"boletin-1212-fiscalia-de-oaxaca-y-sspc-federal-realizan-operativo-por-desaparicion-de-la-activista-sandra-dominguez-sufren-agresion-con-disparos-de-arma-de-fuego-tres-agresores-abatidos-y-un-elem","status":"publish","type":"noticias","link":"https:\/\/portal.fgeo.gob.mx\/index.php\/archivos\/noticias\/boletin-1212-fiscalia-de-oaxaca-y-sspc-federal-realizan-operativo-por-desaparicion-de-la-activista-sandra-dominguez-sufren-agresion-con-disparos-de-arma-de-fuego-tres-agresores-abatidos-y-un-elem","title":{"rendered":"BOLET\u00cdN 1,212.- Fiscal\u00eda de Oaxaca y SSPC Federal realizan operativo por desaparici\u00f3n de la activista Sandra Dom\u00ednguez, sufren agresi\u00f3n con disparos de arma de fuego: tres agresores abatidos y un elemento federal fallecido"},"content":{"rendered":"<p>* En el lugar de los hechos aseguraron armas largas de grueso calibre, las cuales fueron usadas para agredir a los elementos de seguridad durante el despliegue para dar cumplimiento a una orden de aprehensi\u00f3n<\/p>\n<p><strong>Oaxaca de Ju\u00e1rez a 29 de enero de 2025.-<\/strong> Derivado de un despliegue t\u00e1ctico coordinado entre la Fiscal\u00eda General del Estado de Oaxaca (FGEO) y Secretar\u00eda de Seguridad y Protecci\u00f3n Ciudadana federal (SSPC), realizado con el objetivo de dar cumplimiento a una orden de aprehensi\u00f3n, los elementos operativos que participaron fueron agredidos con disparos de arma de fuego, por lo que un elemento federal perdi\u00f3 la vida y otro m\u00e1s result\u00f3 herido, mientras que tres de los agresores fueron abatidos.<\/p>\n<p>El operativo es parte de las acciones conjuntas para dar cumplimiento a una orden de aprehensi\u00f3n por el caso de desaparici\u00f3n de personas de la activista Sandra Estefana Dom\u00ednguez Mart\u00ednez, cometido en los l\u00edmites entre Oaxaca y el estado de Veracruz. El grupo t\u00e1ctico se despleg\u00f3 en inmediaciones de la Carretera Federal 147, en el tramo Palomares-Tuxtepec.<\/p>\n<p>Al momento en que ejecutaban la orden de aprehensi\u00f3n, el imputado y las personas que le acompa\u00f1aban realizaron disparos de arma de fuego contra las autoridades, logrando lesionar a un elemento federal identificado por las iniciales B. A. A., quien perdi\u00f3 la vida cuando recib\u00eda atenci\u00f3n m\u00e9dica.<\/p>\n<p>En tanto que, tres de los agresores fueron abatidos, quienes fueron identificados como A. G. T., C. R. V. as\u00ed como A. G. M., adem\u00e1s que fueron aseguradas diferentes armas largas de grueso calibre, las cuales fueron usadas para cometer la agresi\u00f3n por parte de una c\u00e9lula delictiva de la zona.<\/p>\n<p>La Fiscal\u00eda General del Estado de Oaxaca realiza investigaciones multidisciplinarias y en colaboraci\u00f3n con los diferentes niveles de gobierno con el objetivo de dar resultados m\u00e1s efectivos en materia de procuraci\u00f3n de justicia.<\/p>\n<p>&nbsp;<\/p>\n","protected":false},"author":2,"featured_media":8223,"comment_status":"closed","ping_status":"closed","template":"","tags":[],"categoria_noticias":[],"class_list":["post-16528","noticias","type-noticias","status-publish","has-post-thumbnail","hentry"],"acf":[],"mb":[],"mfb_rest_fields":["title","gutenberg_elementor_mode"],"_links":{"self":[{"href":"https:\/\/portal.fgeo.gob.mx\/index.php\/wp-json\/wp\/v2\/noticias\/16528","targetHints":{"allow":["GET"]}}],"collection":[{"href":"https:\/\/portal.fgeo.gob.mx\/index.php\/wp-json\/wp\/v2\/noticias"}],"about":[{"href":"https:\/\/portal.fgeo.gob.mx\/index.php\/wp-json\/wp\/v2\/types\/noticias"}],"author":[{"embeddable":true,"href":"https:\/\/portal.fgeo.gob.mx\/index.php\/wp-json\/wp\/v2\/users\/2"}],"replies":[{"embeddable":true,"href":"https:\/\/portal.fgeo.gob.mx\/index.php\/wp-json\/wp\/v2\/comments?post=16528"}],"wp:featuredmedia":[{"embeddable":true,"href":"https:\/\/portal.fgeo.gob.mx\/index.php\/wp-json\/wp\/v2\/font-families\/(?P<font_family_id>[\\d]+)\/font-faces\/8223"}],"wp:attachment":[{"href":"https:\/\/portal.fgeo.gob.mx\/index.php\/wp-json\/wp\/v2\/media?parent=16528"}],"wp:term":[{"taxonomy":"post_tag","embeddable":true,"href":"https:\/\/portal.fgeo.gob.mx\/index.php\/wp-json\/wp\/v2\/tags?post=16528"},{"taxonomy":"categoria_noticias","embeddable":true,"href":"https:\/\/portal.fgeo.gob.mx\/index.php\/wp-json\/wp\/v2\/categoria_noticias?post=16528"}],"curies":[{"name":"wp","href":"https:\/\/api.w.org\/{rel}","templated":true}]}}