{"id":16526,"date":"2025-01-28T16:19:06","date_gmt":"2025-01-28T22:19:06","guid":{"rendered":"https:\/\/fge.oaxaca.gob.mx\/?post_type=noticias&amp;p=8220"},"modified":"2025-01-28T16:19:06","modified_gmt":"2025-01-28T22:19:06","slug":"boletin-1210-fgeo-obtiene-vinculacion-de-una-persona-del-sexo-masculino-por-el-delito-de-violencia-familiar-en-el-istmo-de-tehuantepec","status":"publish","type":"noticias","link":"https:\/\/portal.fgeo.gob.mx\/index.php\/archivos\/noticias\/boletin-1210-fgeo-obtiene-vinculacion-de-una-persona-del-sexo-masculino-por-el-delito-de-violencia-familiar-en-el-istmo-de-tehuantepec","title":{"rendered":"BOLET\u00cdN 1,210 -FGEO obtiene vinculaci\u00f3n de una persona del sexo masculino por el delito de violencia familiar en el Istmo de Tehuantepec"},"content":{"rendered":"<p><strong>Oaxaca de Ju\u00e1rez a 28 de enero de 2025.-<\/strong> \u00a0La Fiscal\u00eda General del Estado de Oaxaca (FGEO) obtuvo la vinculaci\u00f3n a proceso de una persona del sexo masculino identificada como A.S.C., por el delito de violencia familiar, hechos ocurridos en la regi\u00f3n del Istmo de Tehuantepec.<\/p>\n<p>De acuerdo con la carpeta de investigaci\u00f3n, los hechos ocurrieron el 23 de diciembre de 2023, cuando la v\u00edctima identificada como J.G.M. se encontraba en su domicilio, momento en que fue agredida f\u00edsicamente, mientras que un segundo evento ocurri\u00f3 el 26 de octubre de 2024, cuando fue agredida verbalmente.<\/p>\n<p>Luego de tener conocimiento de los hechos, la Vicefiscal\u00eda Regional del Istmo inici\u00f3 la carpeta de investigaci\u00f3n correspondiente; como resultado de las labores ministeriales con perspectiva de g\u00e9nero, la FGEO logr\u00f3 la detenci\u00f3n de A.S.C. por el delito de violencia familiar, el imputado fue presentado ante el juez para la resolver su situaci\u00f3n jur\u00eddica.<\/p>\n<p>La FGEO present\u00f3 ante el Juez de la causa las evidencias suficientes, las cuales fueron valoradas y permitieron que se vinculara a proceso al imputado A.S.C. por el delito de violencia familiar.<\/p>\n<p>La Fiscal\u00eda General del Estado de Oaxaca realiza investigaciones multidisciplinarias, adem\u00e1s de brindar acompa\u00f1amiento integral a las v\u00edctimas, pues la instituci\u00f3n est\u00e1 comprometida con brindar certeza en materia de procuraci\u00f3n de justicia a las mujeres, ni\u00f1as y adolescentes v\u00edctimas del delito de violencia familiar.<\/p>\n<p><img fetchpriority=\"high\" decoding=\"async\" class=\"alignnone size-medium wp-image-8221\" src=\"https:\/\/portal.fgeo.gob.mx\/wp-content\/uploads\/2025\/01\/BOLET%C3%8DN-1210-FGEO-obtiene-vinculaci%C3%B3n-de-una-persona-del-sexo-masculino-por-el-delito-de-violencia-familiar-en-el-Istmo-de-Tehuantepec-_page-0001-232x300.jpg\" alt=\"\" width=\"232\" height=\"300\" \/> <img decoding=\"async\" class=\"alignnone size-medium wp-image-8222\" src=\"https:\/\/portal.fgeo.gob.mx\/wp-content\/uploads\/2025\/01\/BOLET%C3%8DN-1210-FGEO-obtiene-vinculaci%C3%B3n-de-una-persona-del-sexo-masculino-por-el-delito-de-violencia-familiar-en-el-Istmo-de-Tehuantepec-300x169.jpeg\" alt=\"\" width=\"300\" height=\"169\" \/><\/p>\n<p>&nbsp;<\/p>\n","protected":false},"author":2,"featured_media":8223,"comment_status":"closed","ping_status":"closed","template":"","tags":[],"categoria_noticias":[],"class_list":["post-16526","noticias","type-noticias","status-publish","has-post-thumbnail","hentry"],"acf":[],"mb":[],"mfb_rest_fields":["title","gutenberg_elementor_mode"],"_links":{"self":[{"href":"https:\/\/portal.fgeo.gob.mx\/index.php\/wp-json\/wp\/v2\/noticias\/16526","targetHints":{"allow":["GET"]}}],"collection":[{"href":"https:\/\/portal.fgeo.gob.mx\/index.php\/wp-json\/wp\/v2\/noticias"}],"about":[{"href":"https:\/\/portal.fgeo.gob.mx\/index.php\/wp-json\/wp\/v2\/types\/noticias"}],"author":[{"embeddable":true,"href":"https:\/\/portal.fgeo.gob.mx\/index.php\/wp-json\/wp\/v2\/users\/2"}],"replies":[{"embeddable":true,"href":"https:\/\/portal.fgeo.gob.mx\/index.php\/wp-json\/wp\/v2\/comments?post=16526"}],"wp:featuredmedia":[{"embeddable":true,"href":"https:\/\/portal.fgeo.gob.mx\/index.php\/wp-json\/wp\/v2\/font-families\/(?P<font_family_id>[\\d]+)\/font-faces\/8223"}],"wp:attachment":[{"href":"https:\/\/portal.fgeo.gob.mx\/index.php\/wp-json\/wp\/v2\/media?parent=16526"}],"wp:term":[{"taxonomy":"post_tag","embeddable":true,"href":"https:\/\/portal.fgeo.gob.mx\/index.php\/wp-json\/wp\/v2\/tags?post=16526"},{"taxonomy":"categoria_noticias","embeddable":true,"href":"https:\/\/portal.fgeo.gob.mx\/index.php\/wp-json\/wp\/v2\/categoria_noticias?post=16526"}],"curies":[{"name":"wp","href":"https:\/\/api.w.org\/{rel}","templated":true}]}}