{"id":16525,"date":"2025-01-28T13:00:00","date_gmt":"2025-01-28T19:00:00","guid":{"rendered":"https:\/\/fge.oaxaca.gob.mx\/?post_type=noticias&amp;p=8218"},"modified":"2025-01-28T13:00:00","modified_gmt":"2025-01-28T19:00:00","slug":"boletin-1209-logra-fiscalia-de-oaxaca-vinculacion-a-proceso-y-prision-contra-una-mujer-por-secuestro-agravado-de-dos-personas-en-el-istmo-de-tehuantepec","status":"publish","type":"noticias","link":"https:\/\/portal.fgeo.gob.mx\/index.php\/archivos\/noticias\/boletin-1209-logra-fiscalia-de-oaxaca-vinculacion-a-proceso-y-prision-contra-una-mujer-por-secuestro-agravado-de-dos-personas-en-el-istmo-de-tehuantepec","title":{"rendered":"BOLET\u00cdN 1,209.- Logra Fiscal\u00eda de Oaxaca vinculaci\u00f3n a proceso y prisi\u00f3n contra una mujer por secuestro agravado de dos personas en el Istmo de Tehuantepec"},"content":{"rendered":"<p><strong>Oaxaca de Ju\u00e1rez a 28 de enero de 2025.-<\/strong> La Fiscal\u00eda General del Estado de Oaxaca (FGEO) obtuvo auto de vinculaci\u00f3n a proceso y prisi\u00f3n en contra de una mujer identificada como N.M.M.C., por el delito de secuestro agravado, al privar de la libertad a dos personas de nacionalidad cubana, en la regi\u00f3n del Istmo de Tehuantepec.<\/p>\n<p>De acuerdo con el expediente penal del caso, entre el 15 y 16 de noviembre de 2024, las v\u00edctimas de iniciales Y.R.B., y Y.C.F., fueron privadas de su libertad cuando se encontraban en la poblaci\u00f3n de la Ventosa, y llevadas posteriormente a un domicilio particular ubicado en Juchit\u00e1n de Zaragoza donde las mantuvieron en cautiverio.<\/p>\n<p>La investigaci\u00f3n revela que, la imputada junto con otras personas manten\u00edan privadas de su libertad a las v\u00edctimas por no pagar la cuota o derecho piso que les hab\u00edan solicitado.<\/p>\n<p>Ante estos hechos, la FGEO inici\u00f3 las investigaciones ministeriales correspondientes a trav\u00e9s de la Vicefiscal\u00eda Regional del Istmo logrando obtener una orden de aprehensi\u00f3n en contra de N.M.M.C, para posteriormente lograr su captura y con ello, ponerla a disposici\u00f3n de la autoridad competente.<\/p>\n<p>Tras la valoraci\u00f3n de pruebas aportadas por la FGEO, el Juez que atiende la causa dict\u00f3 auto de vinculaci\u00f3n a proceso en contra de N.M.M.C., por el delito de secuestro agravado, adem\u00e1s de imponerles la medida cautelar de prisi\u00f3n preventiva oficiosa y definitiva.<\/p>\n<p>Los trabajos de combate al secuestro que realiza la Fiscal\u00eda de Oaxaca se efect\u00faan en estricto apego a los protocolos de actuaci\u00f3n en la materia para dar certeza a las v\u00edctimas directas e indirectas, para que tengan pleno acceso a la justicia.<\/p>\n<p><img fetchpriority=\"high\" decoding=\"async\" class=\"alignnone size-medium wp-image-8219\" src=\"https:\/\/portal.fgeo.gob.mx\/wp-content\/uploads\/2025\/01\/FOTO-BOLET%C3%8DN-1209-221x300.jpg\" alt=\"\" width=\"221\" height=\"300\" \/><\/p>\n","protected":false},"author":2,"featured_media":8110,"comment_status":"closed","ping_status":"closed","template":"","tags":[],"categoria_noticias":[],"class_list":["post-16525","noticias","type-noticias","status-publish","has-post-thumbnail","hentry"],"acf":[],"mb":[],"mfb_rest_fields":["title","gutenberg_elementor_mode"],"_links":{"self":[{"href":"https:\/\/portal.fgeo.gob.mx\/index.php\/wp-json\/wp\/v2\/noticias\/16525","targetHints":{"allow":["GET"]}}],"collection":[{"href":"https:\/\/portal.fgeo.gob.mx\/index.php\/wp-json\/wp\/v2\/noticias"}],"about":[{"href":"https:\/\/portal.fgeo.gob.mx\/index.php\/wp-json\/wp\/v2\/types\/noticias"}],"author":[{"embeddable":true,"href":"https:\/\/portal.fgeo.gob.mx\/index.php\/wp-json\/wp\/v2\/users\/2"}],"replies":[{"embeddable":true,"href":"https:\/\/portal.fgeo.gob.mx\/index.php\/wp-json\/wp\/v2\/comments?post=16525"}],"wp:featuredmedia":[{"embeddable":true,"href":"https:\/\/portal.fgeo.gob.mx\/index.php\/wp-json\/"}],"wp:attachment":[{"href":"https:\/\/portal.fgeo.gob.mx\/index.php\/wp-json\/wp\/v2\/media?parent=16525"}],"wp:term":[{"taxonomy":"post_tag","embeddable":true,"href":"https:\/\/portal.fgeo.gob.mx\/index.php\/wp-json\/wp\/v2\/tags?post=16525"},{"taxonomy":"categoria_noticias","embeddable":true,"href":"https:\/\/portal.fgeo.gob.mx\/index.php\/wp-json\/wp\/v2\/categoria_noticias?post=16525"}],"curies":[{"name":"wp","href":"https:\/\/api.w.org\/{rel}","templated":true}]}}