{"id":16523,"date":"2025-01-27T17:47:36","date_gmt":"2025-01-27T23:47:36","guid":{"rendered":"https:\/\/fge.oaxaca.gob.mx\/?post_type=noticias&amp;p=8211"},"modified":"2025-01-27T17:47:36","modified_gmt":"2025-01-27T23:47:36","slug":"boletin-1207-fortalecer-la-procuracion-de-justicia-requiere-colaboracion-interinstitucional-especialmente-en-materia-legislativa-fiscal-de-oaxaca-bernardo-rodriguez-alamilla","status":"publish","type":"noticias","link":"https:\/\/portal.fgeo.gob.mx\/index.php\/archivos\/noticias\/boletin-1207-fortalecer-la-procuracion-de-justicia-requiere-colaboracion-interinstitucional-especialmente-en-materia-legislativa-fiscal-de-oaxaca-bernardo-rodriguez-alamilla","title":{"rendered":"BOLET\u00cdN 1,207.- Fortalecer la procuraci\u00f3n de justicia requiere colaboraci\u00f3n interinstitucional, especialmente en materia legislativa: Fiscal de Oaxaca, Bernardo Rodr\u00edguez Alamilla"},"content":{"rendered":"<p><em>* Fiscal sostiene reuni\u00f3n de trabajo ante diputadas y diputados locales para generar v\u00ednculos de trabajo para construir estrategias integrales en materia de seguridad y justicia<\/em><\/p>\n<p><em>* La FGEO anunci\u00f3 que presentar\u00e1 una serie de iniciativas que coadyuven en el mejoramiento de los procesos de procuraci\u00f3n de justicia en la entidad <\/em><\/p>\n<p><strong>Oaxaca de Ju\u00e1rez a 27 de enero de 2025.-<\/strong> El Fiscal de Oaxaca, Bernardo Rodr\u00edguez Alamilla sostuvo una reuni\u00f3n de trabajo con diputadas y diputados que forman parte de la 66 Legislatura del H. Congreso del Estado de Oaxaca, ante quienes explic\u00f3 que en la entidad requiere fortalecer los procesos de procuraci\u00f3n de justicia a trav\u00e9s de la colaboraci\u00f3n interinstitucional de todos los niveles de gobierno, como es en materia legislativa como mecanismo para hacer frente a los avances y retos que existen en temas de seguridad y procuraci\u00f3n de justicia en la entidad.<\/p>\n<p>Acompa\u00f1ado del presidente de la Junta de Coordinaci\u00f3n Pol\u00edtica (Jucopo), Benjam\u00edn Viveros, as\u00ed como legisladoras y legisladores, el titular de la Fiscal\u00eda General del Estado, Bernardo Rodr\u00edguez Alamilla expuso datos estad\u00edsticos y adem\u00e1s del an\u00e1lisis de estos para exponer el panorama de la incidencia delictiva en la entidad, resaltando que actualmente se trabaja de una forma focalizada, especialmente en regiones como el Istmo de Tehuantepec y la Costa.<\/p>\n<p>A\u00f1adi\u00f3 que los esfuerzos se fortalecen a trav\u00e9s de la colaboraci\u00f3n con las autoridades municipales pues, las sinergias en las acciones de procuraci\u00f3n de justicia permiten aumentar la efectividad, lo que beneficia a las comunidades al robustecer las capacidades de acci\u00f3n, prevenci\u00f3n y reacci\u00f3n de los ayuntamientos ante el fen\u00f3meno delictivo.<\/p>\n<p>Asimismo, expuso los resultados de procesos en casos de alto impacto, especialmente casos relacionados con delitos violentos contra las mujeres, pues atender esta problem\u00e1tica est\u00e1 entre las prioridades de la Fiscal\u00eda General del Estado de Oaxaca, adem\u00e1s, adelant\u00f3 que la Fiscal\u00eda de Oaxaca presentar\u00e1 una serie de iniciativas que coadyuven en el mejoramiento de los procesos de procuraci\u00f3n de justicia.<\/p>\n<p>Finalmente, el Fiscal de Oaxaca, Bernardo Rodr\u00edguez Alamilla destac\u00f3 que la construcci\u00f3n de v\u00ednculos entre la FGEO, como un organismo aut\u00f3nomo, y representantes del Poder Legislativo se traducen en el trabajo conjunto para atender de manera directa y las causas de las problem\u00e1ticas que apremian a la sociedad, principalmente en materia de seguridad y justicia.<\/p>\n<p><img fetchpriority=\"high\" decoding=\"async\" class=\"alignnone size-medium wp-image-8212\" src=\"https:\/\/portal.fgeo.gob.mx\/wp-content\/uploads\/2025\/01\/Fortalecer-la-procuraci%C3%B3n-de-justicia-requiere-colaboraci%C3%B3n-interinstitucional-especialmente-en-materia-legislativa-Fiscal-de-Oaxaca-Bernardo-Rodr%C3%ADguez-Alamilla1-300x200.jpeg\" alt=\"\" width=\"300\" height=\"200\" \/> <img decoding=\"async\" class=\"alignnone size-medium wp-image-8213\" src=\"https:\/\/portal.fgeo.gob.mx\/wp-content\/uploads\/2025\/01\/BOLET%C3%8DN-1207.-Fortalecer-la-procuraci%C3%B3n-de-justicia-requiere-colaboraci%C3%B3n-interinstitucional-especialmente-en-materia-legislativa-Fiscal-de-Oaxaca-Bernardo-Rodr%C3%ADguez-Alamilla2-300x200.jpeg\" alt=\"\" width=\"300\" height=\"200\" \/> <img decoding=\"async\" class=\"alignnone size-medium wp-image-8214\" src=\"https:\/\/portal.fgeo.gob.mx\/wp-content\/uploads\/2025\/01\/BOLET%C3%8DN-1207.-Fortalecer-la-procuraci%C3%B3n-de-justicia-requiere-colaboraci%C3%B3n-interinstitucional-especialmente-en-materia-legislativa-Fiscal-de-Oaxaca-Bernardo-Rodr%C3%ADguez-Alamilla3-300x200.jpeg\" alt=\"\" width=\"300\" height=\"200\" \/> <img loading=\"lazy\" decoding=\"async\" class=\"alignnone size-medium wp-image-8215\" src=\"https:\/\/portal.fgeo.gob.mx\/wp-content\/uploads\/2025\/01\/BOLET%C3%8DN-1207.-Fortalecer-la-procuraci%C3%B3n-de-justicia-requiere-colaboraci%C3%B3n-interinstitucional-especialmente-en-materia-legislativa-Fiscal-de-Oaxaca-Bernardo-Rodr%C3%ADguez-Alamilla4-300x188.jpeg\" alt=\"\" width=\"300\" height=\"188\" \/> <img loading=\"lazy\" decoding=\"async\" class=\"alignnone size-medium wp-image-8216\" src=\"https:\/\/portal.fgeo.gob.mx\/wp-content\/uploads\/2025\/01\/BOLET%C3%8DN-1207.-Fortalecer-la-procuraci%C3%B3n-de-justicia-requiere-colaboraci%C3%B3n-interinstitucional-especialmente-en-materia-legislativa-Fiscal-de-Oaxaca-Bernardo-Rodr%C3%ADguez-Alamilla5-300x200.jpeg\" alt=\"\" width=\"300\" height=\"200\" \/><\/p>\n","protected":false},"author":2,"featured_media":8110,"comment_status":"closed","ping_status":"closed","template":"","tags":[],"categoria_noticias":[],"class_list":["post-16523","noticias","type-noticias","status-publish","has-post-thumbnail","hentry"],"acf":[],"mb":[],"mfb_rest_fields":["title","gutenberg_elementor_mode"],"_links":{"self":[{"href":"https:\/\/portal.fgeo.gob.mx\/index.php\/wp-json\/wp\/v2\/noticias\/16523","targetHints":{"allow":["GET"]}}],"collection":[{"href":"https:\/\/portal.fgeo.gob.mx\/index.php\/wp-json\/wp\/v2\/noticias"}],"about":[{"href":"https:\/\/portal.fgeo.gob.mx\/index.php\/wp-json\/wp\/v2\/types\/noticias"}],"author":[{"embeddable":true,"href":"https:\/\/portal.fgeo.gob.mx\/index.php\/wp-json\/wp\/v2\/users\/2"}],"replies":[{"embeddable":true,"href":"https:\/\/portal.fgeo.gob.mx\/index.php\/wp-json\/wp\/v2\/comments?post=16523"}],"wp:featuredmedia":[{"embeddable":true,"href":"https:\/\/portal.fgeo.gob.mx\/index.php\/wp-json\/"}],"wp:attachment":[{"href":"https:\/\/portal.fgeo.gob.mx\/index.php\/wp-json\/wp\/v2\/media?parent=16523"}],"wp:term":[{"taxonomy":"post_tag","embeddable":true,"href":"https:\/\/portal.fgeo.gob.mx\/index.php\/wp-json\/wp\/v2\/tags?post=16523"},{"taxonomy":"categoria_noticias","embeddable":true,"href":"https:\/\/portal.fgeo.gob.mx\/index.php\/wp-json\/wp\/v2\/categoria_noticias?post=16523"}],"curies":[{"name":"wp","href":"https:\/\/api.w.org\/{rel}","templated":true}]}}