{"id":16518,"date":"2025-01-25T14:12:25","date_gmt":"2025-01-25T20:12:25","guid":{"rendered":"https:\/\/fge.oaxaca.gob.mx\/?post_type=noticias&amp;p=8191"},"modified":"2025-01-25T14:12:25","modified_gmt":"2025-01-25T20:12:25","slug":"boletin-1202-presenta-fgeo-programa-de-atencion-en-materia-de-prevencion-de-la-violencia-politica-contra-las-mujeres","status":"publish","type":"noticias","link":"https:\/\/portal.fgeo.gob.mx\/index.php\/archivos\/noticias\/boletin-1202-presenta-fgeo-programa-de-atencion-en-materia-de-prevencion-de-la-violencia-politica-contra-las-mujeres","title":{"rendered":"BOLET\u00cdN 1,202.- Presenta FGEO programa de atenci\u00f3n en materia de prevenci\u00f3n de la violencia pol\u00edtica contra las mujeres"},"content":{"rendered":"<p><strong>Oaxaca de Ju\u00e1rez a 25 de enero de 2025.-<\/strong>\u00a0 Durante la presentaci\u00f3n del \u201cPrograma Anual en Materia de Prevenci\u00f3n de la Violencia Pol\u00edtica contra las Mujeres en Raz\u00f3n de G\u00e9nero 2025\u201d, el Fiscal General del Estado de Oaxaca, Bernardo Rodr\u00edguez Alamilla resalt\u00f3 que desde el organismo procurador de justicia se impulsan acciones que permitan atender los delitos relacionados con las diferentes formas de violencia contra las mujeres, como la violencia pol\u00edtica por raz\u00f3n de g\u00e9nero,\u00a0 por ello, se impulsan acciones de pol\u00edtica p\u00fablica integrales que coadyuven en la construcci\u00f3n de una sociedad m\u00e1s incluyente.<\/p>\n<p>&nbsp;<\/p>\n<p>En el evento estuvieron presentes la magistrada presidenta del Tribunal Electoral del Estado de Oaxaca Elizabeth Bautista Velasco; la presidenta del Instituto Estatal Electoral y de Participaci\u00f3n Ciudadana del Estado, Elizabeth S\u00e1nchez Gonz\u00e1lez; la encargada de despacho de la Secretar\u00eda de las Mujeres, Monserrat Lares Montalvo; el Fiscal Especializado en Delitos Electorales, Iv\u00e1n Garc\u00eda; la Fiscal Especializada para la Atenci\u00f3n a Delitos contra las Mujeres por Raz\u00f3n de G\u00e9nero, Margarita Guzm\u00e1n Corsi, ante quienes el Fiscal de Oaxaca Bernardo Rodr\u00edguez Alamilla se\u00f1al\u00f3 que la sociedad actual est\u00e1 en un proceso de cambio que reconoce la necesidad de impulsar la participaci\u00f3n de las mujeres en la vida pol\u00edtica, por ello, es necesario hacer frente a las situaciones que se los impiden para garantizarles un ejercicio pleno de sus derechos.<\/p>\n<p>&nbsp;<\/p>\n<p>A\u00f1adi\u00f3 que desde la Fiscal\u00eda General del Estado de Oaxaca se impulsan programas de pol\u00edtica p\u00fablica que permitan brindar a las mujeres v\u00edctimas de violencia pol\u00edtica acceder a adecuados procesos de procuraci\u00f3n de justicia, desde una perspectiva integral, adem\u00e1s se realizan acuerdos interinstitucionales que permitan ampliar las capacidades de la instituci\u00f3n en materia de atenci\u00f3n aplicando estrategias que den resultados efectivos, as\u00ed como procesos de evaluaci\u00f3n que permita medir la efectividad de las acciones.<\/p>\n<p>&nbsp;<\/p>\n<p>Por su parte, la Fiscal Especializada para la Atenci\u00f3n a Delitos contra las Mujeres por Raz\u00f3n de G\u00e9nero, Margarita Guzm\u00e1n Corsi dijo que la violencia pol\u00edtica requiere de una atenci\u00f3n continua, por ello, contar con un programa anual permitir\u00e1 enfocar las acciones en forma m\u00e1s efectiva, para responder a las necesidades de las mujeres v\u00edctimas de violencia pol\u00edtica, adem\u00e1s resalt\u00f3 el impulso al aspecto preventivo del programa para fortalecer la respuesta a este delito.<\/p>\n<p>&nbsp;<\/p>\n<p>Mientras que al presentar el \u201cPrograma Anual en Materia de Prevenci\u00f3n de la Violencia Pol\u00edtica contra las Mujeres en Raz\u00f3n de G\u00e9nero 2025\u201d, el Fiscal Especializado en Delitos Electorales, Iv\u00e1n Garc\u00eda destac\u00f3 las acciones para atender este delito e impulsar actividades preventivas para garantizar la participaci\u00f3n de las mujeres en la vida pol\u00edtica, sin que las ponga en riesgo.<\/p>\n<p>&nbsp;<\/p>\n<p>Finalmente, el Fiscal Especializado en Delitos Electorales, Iv\u00e1n Garc\u00eda detall\u00f3 que el programa cuenta con siete ejes estrat\u00e9gicos enfocados en brindar una atenci\u00f3n integral a las v\u00edctimas, adem\u00e1s de que contiene herramientas para mejorar los procesos de acompa\u00f1amiento y atenci\u00f3n a las mujeres, as\u00ed como promover la colaboraci\u00f3n interinstitucional para potenciar el alcance y efectividad de las intervenciones para dar m\u00e1s y mejores resultados.<\/p>\n<p><img fetchpriority=\"high\" decoding=\"async\" class=\"alignnone size-medium wp-image-8199\" src=\"https:\/\/portal.fgeo.gob.mx\/wp-content\/uploads\/2025\/01\/BOLET%C3%8DN-1202.-Presenta-FGEO-programa-de-atenci%C3%B3n-en-materia-de-prevenci%C3%B3n-de-la-violencia-pol%C3%ADtica-contra-las-mujeres1-300x172.jpeg\" alt=\"\" width=\"300\" height=\"172\" \/><\/p>\n<p>&nbsp;<\/p>\n","protected":false},"author":2,"featured_media":8110,"comment_status":"closed","ping_status":"closed","template":"","tags":[],"categoria_noticias":[],"class_list":["post-16518","noticias","type-noticias","status-publish","has-post-thumbnail","hentry"],"acf":[],"mb":[],"mfb_rest_fields":["title","gutenberg_elementor_mode"],"_links":{"self":[{"href":"https:\/\/portal.fgeo.gob.mx\/index.php\/wp-json\/wp\/v2\/noticias\/16518","targetHints":{"allow":["GET"]}}],"collection":[{"href":"https:\/\/portal.fgeo.gob.mx\/index.php\/wp-json\/wp\/v2\/noticias"}],"about":[{"href":"https:\/\/portal.fgeo.gob.mx\/index.php\/wp-json\/wp\/v2\/types\/noticias"}],"author":[{"embeddable":true,"href":"https:\/\/portal.fgeo.gob.mx\/index.php\/wp-json\/wp\/v2\/users\/2"}],"replies":[{"embeddable":true,"href":"https:\/\/portal.fgeo.gob.mx\/index.php\/wp-json\/wp\/v2\/comments?post=16518"}],"wp:featuredmedia":[{"embeddable":true,"href":"https:\/\/portal.fgeo.gob.mx\/index.php\/wp-json\/"}],"wp:attachment":[{"href":"https:\/\/portal.fgeo.gob.mx\/index.php\/wp-json\/wp\/v2\/media?parent=16518"}],"wp:term":[{"taxonomy":"post_tag","embeddable":true,"href":"https:\/\/portal.fgeo.gob.mx\/index.php\/wp-json\/wp\/v2\/tags?post=16518"},{"taxonomy":"categoria_noticias","embeddable":true,"href":"https:\/\/portal.fgeo.gob.mx\/index.php\/wp-json\/wp\/v2\/categoria_noticias?post=16518"}],"curies":[{"name":"wp","href":"https:\/\/api.w.org\/{rel}","templated":true}]}}