{"id":16516,"date":"2025-01-24T16:24:49","date_gmt":"2025-01-24T22:24:49","guid":{"rendered":"https:\/\/fge.oaxaca.gob.mx\/?post_type=noticias&amp;p=8161"},"modified":"2025-01-24T16:24:49","modified_gmt":"2025-01-24T22:24:49","slug":"boletin-11200-fiscalia-de-oaxaca-activa-protocolos-de-busqueda-y-logra-dar-con-el-paradero-de-una-persona-reportada-como-no-localizada-en-la-region-de-los-valles-centrales","status":"publish","type":"noticias","link":"https:\/\/portal.fgeo.gob.mx\/index.php\/archivos\/noticias\/boletin-11200-fiscalia-de-oaxaca-activa-protocolos-de-busqueda-y-logra-dar-con-el-paradero-de-una-persona-reportada-como-no-localizada-en-la-region-de-los-valles-centrales","title":{"rendered":"BOLET\u00cdN 1,200.- Fiscal\u00eda de Oaxaca activa protocolos de b\u00fasqueda y logra dar con el paradero de una persona reportada como No Localizada, en la regi\u00f3n de los Valles Centrales"},"content":{"rendered":"<p><strong>Oaxaca de Ju\u00e1rez a 24 de enero de 2025.-<\/strong> La activaci\u00f3n inmediata de protocolos de investigaci\u00f3n que realiza la Fiscal\u00eda General del Estado de Oaxaca (FGEO) hicieron posible dar con el paradero de G.C.Q., persona del sexo masculino de 81 a\u00f1os de edad, quien estaba reportado como No Localizado; hechos suscitados en la regi\u00f3n de los Valles Centrales.<\/p>\n<p>De acuerdo con la denuncia realizada por los familiares el 22 de enero de 2025, G.C.Q. fue visto por \u00faltima vez el 21 de enero de 2025, en el municipio de Tlalixtac de Cabrera.<\/p>\n<p>Tras la denuncia, la Fiscal\u00eda de Oaxaca inici\u00f3 las investigaciones correspondientes a trav\u00e9s de la Unidad de B\u00fasqueda de Personas No Localizadas (DNOL), de la Vicefiscal\u00eda General de Atenci\u00f3n a V\u00edctimas y a la Sociedad, las cuales permitieron trazar las l\u00edneas de investigaci\u00f3n que llevaron a su localizaci\u00f3n el 21 de enero de 2025, en inmediaciones del municipio de Tlalixtac de Cabrera con direcci\u00f3n al municipio de Santa Mar\u00eda del Tule.<\/p>\n<p>Luego de dar con su paradero, G.C.Q. fue presentado ante las autoridades para realizar una valoraci\u00f3n m\u00e9dica para determinar su estado de salud y posterior restituci\u00f3n con sus familiares.<\/p>\n<p>En casos de ausencias o reporte de personas No Localizadas, la denuncia oportuna y pronta ante la Fiscal\u00eda de Oaxaca es clave en las labores de b\u00fasqueda y localizaci\u00f3n, pues la instituci\u00f3n cuenta con equipo especializado con una tasa de efectividad para que las personas vuelvan con sus familias.<\/p>\n<p><img fetchpriority=\"high\" decoding=\"async\" class=\"alignnone size-medium wp-image-8162\" src=\"https:\/\/portal.fgeo.gob.mx\/wp-content\/uploads\/2025\/01\/WhatsApp-Image-2025-01-24-at-2.53.29-PM-213x300.jpeg\" alt=\"\" width=\"213\" height=\"300\" \/><\/p>\n","protected":false},"author":2,"featured_media":8110,"comment_status":"closed","ping_status":"closed","template":"","tags":[],"categoria_noticias":[],"class_list":["post-16516","noticias","type-noticias","status-publish","has-post-thumbnail","hentry"],"acf":[],"mb":[],"mfb_rest_fields":["title","gutenberg_elementor_mode"],"_links":{"self":[{"href":"https:\/\/portal.fgeo.gob.mx\/index.php\/wp-json\/wp\/v2\/noticias\/16516","targetHints":{"allow":["GET"]}}],"collection":[{"href":"https:\/\/portal.fgeo.gob.mx\/index.php\/wp-json\/wp\/v2\/noticias"}],"about":[{"href":"https:\/\/portal.fgeo.gob.mx\/index.php\/wp-json\/wp\/v2\/types\/noticias"}],"author":[{"embeddable":true,"href":"https:\/\/portal.fgeo.gob.mx\/index.php\/wp-json\/wp\/v2\/users\/2"}],"replies":[{"embeddable":true,"href":"https:\/\/portal.fgeo.gob.mx\/index.php\/wp-json\/wp\/v2\/comments?post=16516"}],"wp:featuredmedia":[{"embeddable":true,"href":"https:\/\/portal.fgeo.gob.mx\/index.php\/wp-json\/"}],"wp:attachment":[{"href":"https:\/\/portal.fgeo.gob.mx\/index.php\/wp-json\/wp\/v2\/media?parent=16516"}],"wp:term":[{"taxonomy":"post_tag","embeddable":true,"href":"https:\/\/portal.fgeo.gob.mx\/index.php\/wp-json\/wp\/v2\/tags?post=16516"},{"taxonomy":"categoria_noticias","embeddable":true,"href":"https:\/\/portal.fgeo.gob.mx\/index.php\/wp-json\/wp\/v2\/categoria_noticias?post=16516"}],"curies":[{"name":"wp","href":"https:\/\/api.w.org\/{rel}","templated":true}]}}