{"id":16515,"date":"2025-01-24T14:05:12","date_gmt":"2025-01-24T20:05:12","guid":{"rendered":"https:\/\/fge.oaxaca.gob.mx\/?post_type=noticias&amp;p=8159"},"modified":"2025-01-24T14:05:12","modified_gmt":"2025-01-24T20:05:12","slug":"boletin-1199-fgeo-ejecuta-orden-de-aprehension-contra-una-persona-por-el-delito-de-pederastia-cometido-en-la-region-del-istmo-de-tehuantepec","status":"publish","type":"noticias","link":"https:\/\/portal.fgeo.gob.mx\/index.php\/archivos\/noticias\/boletin-1199-fgeo-ejecuta-orden-de-aprehension-contra-una-persona-por-el-delito-de-pederastia-cometido-en-la-region-del-istmo-de-tehuantepec","title":{"rendered":"BOLET\u00cdN 1,199.- FGEO ejecuta orden de aprehensi\u00f3n contra una persona por el delito de pederastia, cometido en la regi\u00f3n del Istmo de Tehuantepec"},"content":{"rendered":"<p><strong>Oaxaca de Ju\u00e1rez a 24 de enero de 2025.-<\/strong> La Fiscal\u00eda General del Estado de Oaxaca (FGEO) dio cumplimiento una orden de aprehensi\u00f3n que permiti\u00f3 la detenci\u00f3n de una persona del sexo masculino identificado como F.B.F., por el delito de pederastia, ocurrido en la regi\u00f3n del Istmo.<\/p>\n<p>Elementos de la Agencia Estatal de Investigaciones (AEI) llevaron a cabo un operativo para realizar la detenci\u00f3n de F.B.F., cuando se encontraba en la agencia de polic\u00eda &#8220;El Chocolate&#8221; del municipio de San Juan Guichicovi, en la regi\u00f3n del Istmo de Tehuantepec.<\/p>\n<p>De acuerdo con el expediente penal, el 28 de septiembre de 2024, la v\u00edctima (una menor de edad cuya identidad est\u00e1 reservada por ley) hab\u00eda acudido a un domicilio ubicado en San Juan Guichicovi, cuando fue agredida.<\/p>\n<p>Al tener conocimiento de los hechos, gracias a la denuncia oportuna de las v\u00edctimas, la FGEO inici\u00f3 las investigaciones ministeriales correspondientes a trav\u00e9s de la Vicefiscal\u00eda Regional de la Costa, logrando obtener una orden de aprehensi\u00f3n en contra de F.B.F., quien luego de su detenci\u00f3n fue presentado ante el Ministerio P\u00fablico para su proceso legal correspondiente.<\/p>\n<p>La Fiscal\u00eda General del Estado de Oaxaca tiene como prioridad garantizar procesos de justicia eficientes en los casos de delitos cometidos en contra de ni\u00f1as, ni\u00f1os y adolescentes, por medio de investigaciones integrales y con perspectiva de infancia que logren garantizar el inter\u00e9s superior de la ni\u00f1ez.<\/p>\n<p><img fetchpriority=\"high\" decoding=\"async\" class=\"size-medium wp-image-8160\" src=\"https:\/\/portal.fgeo.gob.mx\/wp-content\/uploads\/2025\/01\/Dise%C3%B1o-sin-t%C3%ADtulo-10-300x185.jpg\" alt=\"\" width=\"300\" height=\"185\" \/><\/p>\n<p>&nbsp;<\/p>\n","protected":false},"author":2,"featured_media":8110,"comment_status":"closed","ping_status":"closed","template":"","tags":[],"categoria_noticias":[],"class_list":["post-16515","noticias","type-noticias","status-publish","has-post-thumbnail","hentry"],"acf":[],"mb":[],"mfb_rest_fields":["title","gutenberg_elementor_mode"],"_links":{"self":[{"href":"https:\/\/portal.fgeo.gob.mx\/index.php\/wp-json\/wp\/v2\/noticias\/16515","targetHints":{"allow":["GET"]}}],"collection":[{"href":"https:\/\/portal.fgeo.gob.mx\/index.php\/wp-json\/wp\/v2\/noticias"}],"about":[{"href":"https:\/\/portal.fgeo.gob.mx\/index.php\/wp-json\/wp\/v2\/types\/noticias"}],"author":[{"embeddable":true,"href":"https:\/\/portal.fgeo.gob.mx\/index.php\/wp-json\/wp\/v2\/users\/2"}],"replies":[{"embeddable":true,"href":"https:\/\/portal.fgeo.gob.mx\/index.php\/wp-json\/wp\/v2\/comments?post=16515"}],"wp:featuredmedia":[{"embeddable":true,"href":"https:\/\/portal.fgeo.gob.mx\/index.php\/wp-json\/"}],"wp:attachment":[{"href":"https:\/\/portal.fgeo.gob.mx\/index.php\/wp-json\/wp\/v2\/media?parent=16515"}],"wp:term":[{"taxonomy":"post_tag","embeddable":true,"href":"https:\/\/portal.fgeo.gob.mx\/index.php\/wp-json\/wp\/v2\/tags?post=16515"},{"taxonomy":"categoria_noticias","embeddable":true,"href":"https:\/\/portal.fgeo.gob.mx\/index.php\/wp-json\/wp\/v2\/categoria_noticias?post=16515"}],"curies":[{"name":"wp","href":"https:\/\/api.w.org\/{rel}","templated":true}]}}