{"id":16512,"date":"2025-01-23T14:00:56","date_gmt":"2025-01-23T20:00:56","guid":{"rendered":"https:\/\/fge.oaxaca.gob.mx\/?post_type=noticias&amp;p=8147"},"modified":"2025-01-23T14:00:56","modified_gmt":"2025-01-23T20:00:56","slug":"boletin-1196-fiscalia-de-oaxaca-ejecuta-orden-de-aprehension-y-detienen-a-una-persona-en-veracruz-por-el-delito-de-fraude","status":"publish","type":"noticias","link":"https:\/\/portal.fgeo.gob.mx\/index.php\/archivos\/noticias\/boletin-1196-fiscalia-de-oaxaca-ejecuta-orden-de-aprehension-y-detienen-a-una-persona-en-veracruz-por-el-delito-de-fraude","title":{"rendered":"BOLET\u00cdN 1,196.- Fiscal\u00eda de Oaxaca ejecuta orden de aprehensi\u00f3n y detienen a una persona en Veracruz por el delito de fraude"},"content":{"rendered":"<p><strong>Oaxaca de Ju\u00e1rez a 23 de enero de 2025.-<\/strong> La Fiscal\u00eda General del Estado de Oaxaca (FGEO), en colaboraci\u00f3n interinstitucional con la Fiscal\u00eda de Veracruz, ejecutaron una orden de aprehensi\u00f3n que permiti\u00f3 la detenci\u00f3n de una persona del sexo femenino identificada como D.C.G.R., por el delito de fraude, ocurrido en la regi\u00f3n de la Cuenca del Papaloapan.<\/p>\n<p>La detenci\u00f3n se llev\u00f3 a cabo en la colonia Centro del municipio de Coatzacoalcos, perteneciente al estado de Veracruz, la cual se llev\u00f3 a cabo gracias a la coordinaci\u00f3n de la Polic\u00eda de Investigaci\u00f3n de aquella entidad y Agentes Estatales de Investigaci\u00f3n de Oaxaca, a trav\u00e9s de la Vicefiscal\u00eda Regional de la Cuenca.<\/p>\n<p>De acuerdo con el expediente penal, el 04 de abril de 2022, la v\u00edctima identificada con iniciales M.J.E.A., acudi\u00f3 a una empresa de financiamiento ubicada en una plaza comercial del municipio de San Juan Bautista Tuxtepec donde entreg\u00f3 una fuerte suma de dinero como pago del enganche por la compra de un veh\u00edculo de motor, as\u00ed como el pago de las mensualidades en los tiempos requeridos, sin embargo, la unidad de motor nunca le fue entregada por lo que realiz\u00f3 su denuncia ante la FGEO.<\/p>\n<p>Al tener conocimiento de los hechos, la FGEO inici\u00f3 las investigaciones ministeriales correspondientes a trav\u00e9s de la Vicefiscal\u00eda Regional de la Cuenca, logrando obtener una orden de aprehensi\u00f3n en contra de D.C.G.R., por el delito de fraude.<\/p>\n<p>Una vez realizadas las labores de localizaci\u00f3n, se pudo establecer el paradero de D.C.G.R., por lo que se solicit\u00f3 la colaboraci\u00f3n de la Fiscal\u00eda de Veracruz para la ejecuci\u00f3n de la orden de aprehensi\u00f3n en su contra.<\/p>\n<p>Luego de ser detenida se efectuaron los tr\u00e1mites legales correspondientes para su traslado a Oaxaca y con ello, ponerla a disposici\u00f3n de la autoridad ministerial competente.<\/p>\n<p>La Fiscal\u00eda de Oaxaca realiza labores ministeriales para sancionar a las personas que cometen delitos que atentan contra la paz social y los bienes patrimoniales de la ciudadan\u00eda para dar certeza legal y buscar la reparaci\u00f3n del da\u00f1o a favor de las v\u00edctimas.<\/p>\n<p><img fetchpriority=\"high\" decoding=\"async\" class=\"size-medium wp-image-8148\" src=\"https:\/\/portal.fgeo.gob.mx\/wp-content\/uploads\/2025\/01\/Dise%C3%B1o-sin-t%C3%ADtulo-9-300x202.jpg\" alt=\"\" width=\"300\" height=\"202\" \/><\/p>\n","protected":false},"author":2,"featured_media":8110,"comment_status":"closed","ping_status":"closed","template":"","tags":[],"categoria_noticias":[],"class_list":["post-16512","noticias","type-noticias","status-publish","has-post-thumbnail","hentry"],"acf":[],"mb":[],"mfb_rest_fields":["title","gutenberg_elementor_mode"],"_links":{"self":[{"href":"https:\/\/portal.fgeo.gob.mx\/index.php\/wp-json\/wp\/v2\/noticias\/16512","targetHints":{"allow":["GET"]}}],"collection":[{"href":"https:\/\/portal.fgeo.gob.mx\/index.php\/wp-json\/wp\/v2\/noticias"}],"about":[{"href":"https:\/\/portal.fgeo.gob.mx\/index.php\/wp-json\/wp\/v2\/types\/noticias"}],"author":[{"embeddable":true,"href":"https:\/\/portal.fgeo.gob.mx\/index.php\/wp-json\/wp\/v2\/users\/2"}],"replies":[{"embeddable":true,"href":"https:\/\/portal.fgeo.gob.mx\/index.php\/wp-json\/wp\/v2\/comments?post=16512"}],"wp:featuredmedia":[{"embeddable":true,"href":"https:\/\/portal.fgeo.gob.mx\/index.php\/wp-json\/"}],"wp:attachment":[{"href":"https:\/\/portal.fgeo.gob.mx\/index.php\/wp-json\/wp\/v2\/media?parent=16512"}],"wp:term":[{"taxonomy":"post_tag","embeddable":true,"href":"https:\/\/portal.fgeo.gob.mx\/index.php\/wp-json\/wp\/v2\/tags?post=16512"},{"taxonomy":"categoria_noticias","embeddable":true,"href":"https:\/\/portal.fgeo.gob.mx\/index.php\/wp-json\/wp\/v2\/categoria_noticias?post=16512"}],"curies":[{"name":"wp","href":"https:\/\/api.w.org\/{rel}","templated":true}]}}