{"id":16509,"date":"2025-01-22T14:00:48","date_gmt":"2025-01-22T20:00:48","guid":{"rendered":"https:\/\/fge.oaxaca.gob.mx\/?post_type=noticias&amp;p=8133"},"modified":"2025-01-22T14:00:48","modified_gmt":"2025-01-22T20:00:48","slug":"boletin-1193-fiscalia-de-oaxaca-en-colaboracion-con-fiscalia-del-estado-de-mexico-dan-con-el-paradero-de-dos-menores-de-edad-reportados-como-no-localizados","status":"publish","type":"noticias","link":"https:\/\/portal.fgeo.gob.mx\/index.php\/archivos\/noticias\/boletin-1193-fiscalia-de-oaxaca-en-colaboracion-con-fiscalia-del-estado-de-mexico-dan-con-el-paradero-de-dos-menores-de-edad-reportados-como-no-localizados","title":{"rendered":"BOLET\u00cdN 1,193.- Fiscal\u00eda de Oaxaca, en colaboraci\u00f3n con Fiscal\u00eda del Estado de M\u00e9xico, dan con el paradero de dos menores de edad reportados como No Localizados"},"content":{"rendered":"<p><strong>Oaxaca de Ju\u00e1rez a 22 de enero de 2025.-<\/strong> La aplicaci\u00f3n inmediata de protocolos de investigaci\u00f3n y b\u00fasqueda que realizan las \u00e1reas especializadas en personas no localizadas de la Fiscal\u00eda General del Estado de Oaxaca (FGEO), as\u00ed como la estrecha colaboraci\u00f3n interinstitucional con la Fiscal\u00eda del Estado de M\u00e9xico, hicieron posible dar con el paradero de dos menores de edad (hermanos), quienes estaban reportados como No Localizados.<\/p>\n<p>La FGEO activ\u00f3 los protocolos de b\u00fasqueda y acciones operativas correspondientes para localizarlos, luego de recibir la solicitud de colaboraci\u00f3n por parte de la Fiscal\u00eda General del Estado de M\u00e9xico.<\/p>\n<p>A trav\u00e9s de la Vicefiscal\u00eda Regional de la Costa, en coordinaci\u00f3n con la Unidad de B\u00fasqueda de Personas Desaparecidas y No Localizadas (DNOL), perteneciente a la Vicefiscal\u00eda General de Atenci\u00f3n a V\u00edctimas y la Sociedad, as\u00ed como elementos de la Polic\u00eda Estatal, Secretar\u00eda de la Defensa Nacional (DEFENSA), Guardia Nacional y Polic\u00eda Vial Estatal, se llevaron a cabo los actos de investigaci\u00f3n y las acciones en campo para conocer el contexto de las v\u00edctimas reportadas como no localizados.<\/p>\n<p>Gracias a dichas labores, los dos hermanos fueron localizados en el municipio de San Juan Colorado, perteneciente al Distrito de Jamiltepec, en la regi\u00f3n de la Costa de Oaxaca; posteriormente fueron presentados ante el Ministerio P\u00fablico para realizar las diligencias correspondientes.<\/p>\n<p>Ante casos de personas desaparecidas y no localizadas, la FGEO garantiza investigaciones exhaustivas para dar tranquilidad y certeza a las familias oaxaque\u00f1as, lo que permite entregar resultados para las v\u00edctimas directas e indirectas.<\/p>\n<p><img fetchpriority=\"high\" decoding=\"async\" class=\"alignnone size-medium wp-image-8134\" src=\"https:\/\/portal.fgeo.gob.mx\/wp-content\/uploads\/2025\/01\/WhatsApp-Image-2025-01-22-at-1.56.32-PM-300x240.jpeg\" alt=\"\" width=\"300\" height=\"240\" \/> <img decoding=\"async\" class=\"alignnone size-medium wp-image-8135\" src=\"https:\/\/portal.fgeo.gob.mx\/wp-content\/uploads\/2025\/01\/WhatsApp-Image-2025-01-22-at-1.56.31-PM-300x240.jpeg\" alt=\"\" width=\"300\" height=\"240\" \/><\/p>\n<p>&nbsp;<\/p>\n","protected":false},"author":2,"featured_media":8110,"comment_status":"closed","ping_status":"closed","template":"","tags":[],"categoria_noticias":[],"class_list":["post-16509","noticias","type-noticias","status-publish","has-post-thumbnail","hentry"],"acf":[],"mb":[],"mfb_rest_fields":["title","gutenberg_elementor_mode"],"_links":{"self":[{"href":"https:\/\/portal.fgeo.gob.mx\/index.php\/wp-json\/wp\/v2\/noticias\/16509","targetHints":{"allow":["GET"]}}],"collection":[{"href":"https:\/\/portal.fgeo.gob.mx\/index.php\/wp-json\/wp\/v2\/noticias"}],"about":[{"href":"https:\/\/portal.fgeo.gob.mx\/index.php\/wp-json\/wp\/v2\/types\/noticias"}],"author":[{"embeddable":true,"href":"https:\/\/portal.fgeo.gob.mx\/index.php\/wp-json\/wp\/v2\/users\/2"}],"replies":[{"embeddable":true,"href":"https:\/\/portal.fgeo.gob.mx\/index.php\/wp-json\/wp\/v2\/comments?post=16509"}],"wp:featuredmedia":[{"embeddable":true,"href":"https:\/\/portal.fgeo.gob.mx\/index.php\/wp-json\/"}],"wp:attachment":[{"href":"https:\/\/portal.fgeo.gob.mx\/index.php\/wp-json\/wp\/v2\/media?parent=16509"}],"wp:term":[{"taxonomy":"post_tag","embeddable":true,"href":"https:\/\/portal.fgeo.gob.mx\/index.php\/wp-json\/wp\/v2\/tags?post=16509"},{"taxonomy":"categoria_noticias","embeddable":true,"href":"https:\/\/portal.fgeo.gob.mx\/index.php\/wp-json\/wp\/v2\/categoria_noticias?post=16509"}],"curies":[{"name":"wp","href":"https:\/\/api.w.org\/{rel}","templated":true}]}}