{"id":16508,"date":"2025-01-22T10:59:27","date_gmt":"2025-01-22T16:59:27","guid":{"rendered":"https:\/\/fge.oaxaca.gob.mx\/?post_type=noticias&amp;p=8131"},"modified":"2025-01-22T10:59:27","modified_gmt":"2025-01-22T16:59:27","slug":"boletin-1192-obtiene-fgeo-vinculacion-a-proceso-y-prision-contra-mujer-por-el-delito-de-tentativa-de-matrimonio-forzoso-o-servil-ocurrido-en-la-sierra-de-flores-magon","status":"publish","type":"noticias","link":"https:\/\/portal.fgeo.gob.mx\/index.php\/archivos\/noticias\/boletin-1192-obtiene-fgeo-vinculacion-a-proceso-y-prision-contra-mujer-por-el-delito-de-tentativa-de-matrimonio-forzoso-o-servil-ocurrido-en-la-sierra-de-flores-magon","title":{"rendered":"BOLET\u00cdN 1,192.- Obtiene FGEO vinculaci\u00f3n a proceso y prisi\u00f3n contra mujer por el delito de tentativa de matrimonio forzoso o servil, ocurrido en la Sierra de Flores Mag\u00f3n"},"content":{"rendered":"<p><strong>Oaxaca de Ju\u00e1rez a 22 de enero de 2025.-<\/strong> La aplicaci\u00f3n inmediata de protocolos de g\u00e9nero en la investigaci\u00f3n ministerial que realiza la Fiscal\u00eda General del Estado de Oaxaca (FGEO) hicieron posible obtener auto de vinculaci\u00f3n a proceso en contra de una persona del sexo femenino identificada como E.M.R., por el delito de trata de personas en grado de tentativa en la modalidad de matrimonio forzoso o servil agravado, cometido en la Sierra de Flores Mag\u00f3n en agravio de una adolescente.<\/p>\n<p>De acuerdo con la denuncia asentada en el expediente penal del caso, los hechos ocurrieron en la comunidad de Mazatl\u00e1n Villa de Flores, donde personas adultas trataron de obligar a la v\u00edctima (una adolescente de 13 a\u00f1os de edad, cuya identidad est\u00e1 reservada por ley) a ser entregada a diversos adultos para contraer una relaci\u00f3n de pareja, situaci\u00f3n que se repiti\u00f3 en m\u00e1s de una ocasi\u00f3n.<\/p>\n<p>La investigaci\u00f3n revela que los acontecimientos m\u00e1s recientes se suscitaron el 8 de junio del 2024, fecha en que una tercera persona dio aviso a la autoridad de la poblaci\u00f3n, quienes rescataron a la v\u00edctima a quien le brindaron medidas de protecci\u00f3n.<\/p>\n<p>Una vez que la FGEO tom\u00f3 conocimiento del caso a trav\u00e9s de la Fiscal\u00eda Especializada para la Atenci\u00f3n a Delitos de Alto Impacto, inici\u00f3 las investigaciones correspondientes, gracias a las cuales se obtuvo una orden de aprehensi\u00f3n contra la imputada quien fue detenida para su proceso legal correspondiente.<\/p>\n<p>Durante el desahogo de pruebas aportadas por la FGEO, el Juez que atiende la causa determin\u00f3 dictar auto de vinculaci\u00f3n a proceso en contra de E.M.R., por el delito de trata de personas en grado de tentativa en la modalidad de matrimonio forzoso o servil agravado.<\/p>\n<p>Adem\u00e1s, como medida cautelar, la autoridad judicial impuso prisi\u00f3n preventiva justificada, otorgando un plazo de 5 meses para el cierre de la investigaci\u00f3n complementaria.<\/p>\n<p>La Fiscal\u00eda de Oaxaca refrenda su compromiso de dar resultados inmediatos y para erradicar la impunidad en hechos delictivos que vulneren o atenten contra la integridad de las v\u00edctimas, principalmente cuando se trata de ni\u00f1as, ni\u00f1os y adolescentes.<\/p>\n<p><img fetchpriority=\"high\" decoding=\"async\" class=\"size-medium wp-image-8132\" src=\"https:\/\/portal.fgeo.gob.mx\/wp-content\/uploads\/2025\/01\/Dise%C3%B1o-sin-t%C3%ADtulo-8-300x237.jpg\" alt=\"\" width=\"300\" height=\"237\" \/><\/p>\n","protected":false},"author":2,"featured_media":8110,"comment_status":"closed","ping_status":"closed","template":"","tags":[],"categoria_noticias":[],"class_list":["post-16508","noticias","type-noticias","status-publish","has-post-thumbnail","hentry"],"acf":[],"mb":[],"mfb_rest_fields":["title","gutenberg_elementor_mode"],"_links":{"self":[{"href":"https:\/\/portal.fgeo.gob.mx\/index.php\/wp-json\/wp\/v2\/noticias\/16508","targetHints":{"allow":["GET"]}}],"collection":[{"href":"https:\/\/portal.fgeo.gob.mx\/index.php\/wp-json\/wp\/v2\/noticias"}],"about":[{"href":"https:\/\/portal.fgeo.gob.mx\/index.php\/wp-json\/wp\/v2\/types\/noticias"}],"author":[{"embeddable":true,"href":"https:\/\/portal.fgeo.gob.mx\/index.php\/wp-json\/wp\/v2\/users\/2"}],"replies":[{"embeddable":true,"href":"https:\/\/portal.fgeo.gob.mx\/index.php\/wp-json\/wp\/v2\/comments?post=16508"}],"wp:featuredmedia":[{"embeddable":true,"href":"https:\/\/portal.fgeo.gob.mx\/index.php\/wp-json\/"}],"wp:attachment":[{"href":"https:\/\/portal.fgeo.gob.mx\/index.php\/wp-json\/wp\/v2\/media?parent=16508"}],"wp:term":[{"taxonomy":"post_tag","embeddable":true,"href":"https:\/\/portal.fgeo.gob.mx\/index.php\/wp-json\/wp\/v2\/tags?post=16508"},{"taxonomy":"categoria_noticias","embeddable":true,"href":"https:\/\/portal.fgeo.gob.mx\/index.php\/wp-json\/wp\/v2\/categoria_noticias?post=16508"}],"curies":[{"name":"wp","href":"https:\/\/api.w.org\/{rel}","templated":true}]}}