{"id":16507,"date":"2025-01-22T09:25:12","date_gmt":"2025-01-22T15:25:12","guid":{"rendered":"https:\/\/fge.oaxaca.gob.mx\/?post_type=noticias&amp;p=8130"},"modified":"2025-01-22T09:25:12","modified_gmt":"2025-01-22T15:25:12","slug":"boletin-1191-fiscalia-de-oaxaca-logra-sentencia-condenatoria-de-50-anos-de-prision-por-el-delito-de-feminicidio-cometido-en-la-region-de-los-valles-centrales","status":"publish","type":"noticias","link":"https:\/\/portal.fgeo.gob.mx\/index.php\/archivos\/noticias\/boletin-1191-fiscalia-de-oaxaca-logra-sentencia-condenatoria-de-50-anos-de-prision-por-el-delito-de-feminicidio-cometido-en-la-region-de-los-valles-centrales","title":{"rendered":"BOLET\u00cdN 1,191.-Fiscal\u00eda de Oaxaca logra sentencia condenatoria de 50 a\u00f1os de prisi\u00f3n por el delito de Feminicidio cometido en la regi\u00f3n de los Valles Centrales"},"content":{"rendered":"<p><strong>Oaxaca de Ju\u00e1rez a 22 de enero de 2025.-<\/strong> En puntual seguimiento a casos de violencia de g\u00e9nero en la entidad y gracias al trabajo ministerial, la Fiscal\u00eda General del Estado de Oaxaca (FGEO) obtuvo sentencia condenatoria de 50 a\u00f1os de prisi\u00f3n en contra de una persona del sexo masculino identificada como A.A.C., por su responsabilidad en la comisi\u00f3n del delito de Feminicidio, ocurrido en la regi\u00f3n de los Valles Centrales.<\/p>\n<p>De acuerdo al expediente penal del caso, el delito ocurri\u00f3 el 05 de abril de 2014, cuando la v\u00edctima -identificada como M.M.C.- se encontraba en su centro de trabajo, en un bar ubicado en el paraje conocido como Tierra Colorada, sobre la Carretera Internacional kil\u00f3metro 520 en la poblaci\u00f3n de Magdalena Apasco, Etla.<\/p>\n<p>Al sitio lleg\u00f3 el agresor, quien atac\u00f3 a la v\u00edctima con un arma punzo-cortante (cuchillo), infligiendo lesiones que le provocaron la muerte.<\/p>\n<p>Ante estos hechos, la Fiscal\u00eda de Oaxaca inici\u00f3 las investigaciones por feminicidio bajo el protocolo de perspectiva de g\u00e9nero a trav\u00e9s de la Vicefiscal\u00eda General de Control Regional, logrando obtener pruebas que hicieron posible aprehender al imputado y llevarlo ante la autoridad competente para su proceso legal correspondiente.<\/p>\n<p>Tras el desahogo de pruebas aportadas por la Fiscal\u00eda General de Oaxaca y valoradas en audiencia, el Tribunal de Enjuiciamiento que atiende la causa dict\u00f3 sentencia condenatoria de 50 a\u00f1os de prisi\u00f3n contra A.A.C., por su responsabilidad en la comisi\u00f3n del delito de Feminicidio, adem\u00e1s de imponer el pago de una multa adem\u00e1s de la reparaci\u00f3n del da\u00f1o.<\/p>\n<p>La Fiscal\u00eda de Oaxaca cuenta con personal ministerial capacitado en perspectiva de g\u00e9nero para investigar los delitos cometidos en contra de las mujeres y para brindar acompa\u00f1amiento integral a las v\u00edctimas directas e indirectas.<\/p>\n","protected":false},"author":2,"featured_media":8110,"comment_status":"closed","ping_status":"closed","template":"","tags":[],"categoria_noticias":[],"class_list":["post-16507","noticias","type-noticias","status-publish","has-post-thumbnail","hentry"],"acf":[],"mb":[],"mfb_rest_fields":["title","gutenberg_elementor_mode"],"_links":{"self":[{"href":"https:\/\/portal.fgeo.gob.mx\/index.php\/wp-json\/wp\/v2\/noticias\/16507","targetHints":{"allow":["GET"]}}],"collection":[{"href":"https:\/\/portal.fgeo.gob.mx\/index.php\/wp-json\/wp\/v2\/noticias"}],"about":[{"href":"https:\/\/portal.fgeo.gob.mx\/index.php\/wp-json\/wp\/v2\/types\/noticias"}],"author":[{"embeddable":true,"href":"https:\/\/portal.fgeo.gob.mx\/index.php\/wp-json\/wp\/v2\/users\/2"}],"replies":[{"embeddable":true,"href":"https:\/\/portal.fgeo.gob.mx\/index.php\/wp-json\/wp\/v2\/comments?post=16507"}],"wp:featuredmedia":[{"embeddable":true,"href":"https:\/\/portal.fgeo.gob.mx\/index.php\/wp-json\/"}],"wp:attachment":[{"href":"https:\/\/portal.fgeo.gob.mx\/index.php\/wp-json\/wp\/v2\/media?parent=16507"}],"wp:term":[{"taxonomy":"post_tag","embeddable":true,"href":"https:\/\/portal.fgeo.gob.mx\/index.php\/wp-json\/wp\/v2\/tags?post=16507"},{"taxonomy":"categoria_noticias","embeddable":true,"href":"https:\/\/portal.fgeo.gob.mx\/index.php\/wp-json\/wp\/v2\/categoria_noticias?post=16507"}],"curies":[{"name":"wp","href":"https:\/\/api.w.org\/{rel}","templated":true}]}}