{"id":16506,"date":"2025-01-21T14:42:43","date_gmt":"2025-01-21T20:42:43","guid":{"rendered":"https:\/\/fge.oaxaca.gob.mx\/?post_type=noticias&amp;p=8127"},"modified":"2025-01-21T14:42:43","modified_gmt":"2025-01-21T20:42:43","slug":"boletin-1190-obtiene-fiscalia-de-oaxaca-vinculacion-a-proceso-y-prision-contra-dos-personas-por-el-delito-de-homicidio-calificado-ocurrido-en-la-sierra-sur-de-oaxaca","status":"publish","type":"noticias","link":"https:\/\/portal.fgeo.gob.mx\/index.php\/archivos\/noticias\/boletin-1190-obtiene-fiscalia-de-oaxaca-vinculacion-a-proceso-y-prision-contra-dos-personas-por-el-delito-de-homicidio-calificado-ocurrido-en-la-sierra-sur-de-oaxaca","title":{"rendered":"BOLET\u00cdN 1,190.- Obtiene Fiscal\u00eda de Oaxaca vinculaci\u00f3n a proceso y prisi\u00f3n contra dos personas por el delito de homicidio calificado ocurrido en la Sierra Sur de Oaxaca"},"content":{"rendered":"<p><strong>Oaxaca de Ju\u00e1rez a 21 de enero de 2025.-<\/strong> Como parte de las acciones de investigaci\u00f3n ministerial para combatir los delitos de alto impacto, la Fiscal\u00eda General del Estado de Oaxaca (FGEO) obtuvo auto de vinculaci\u00f3n a proceso y prisi\u00f3n preventiva contra dos personas, un hombre y una mujer identificados como C.M.D., y A.M.B., imputados por el delito de homicidio calificado con ventaja en agravio A.J.R., ocurrido en la regi\u00f3n de la Sierra Sur.<\/p>\n<p>De acuerdo con lo asentado en el expediente penal, el 03 de julio de 2024, la v\u00edctima hab\u00eda acudido al domicilio de A M.B., ubicado en la calle Cuauht\u00e9moc de San Lorenzo Texmelucan del municipio de Sola de Vega, cuando fue sorprendido y atacado por los imputados con disparos de arma de fuego, infligiendo diversas lesiones que lo privaron de la vida.<\/p>\n<p>Ante estos hechos, la Fiscal\u00eda General del Estado de Oaxaca a trav\u00e9s de la Vicefiscal\u00eda General de Control Regional realiz\u00f3 las investigaciones correspondientes, que permitieron obtener una orden de aprehensi\u00f3n y posteriormente la detenci\u00f3n de C.M.B., y A.M.B., por el delito de homicidio calificado con ventaja con lo cual fue posible presentar a los imputados ante el Juez de la causa.<\/p>\n<p>Una vez evaluados los datos de prueba aportados por el Ministerio P\u00fablico, el Juez en turno dict\u00f3 auto de vinculaci\u00f3n a proceso en contra de C.M.B., y A.M.B., por el delito de homicidio calificado con ventaja, adem\u00e1s de imponer la medida cautelar de prisi\u00f3n preventiva justificada y otorgar un mes para el cierre de investigaci\u00f3n complementaria.<\/p>\n<p>La Fiscal\u00eda General garantiza investigaciones exhaustivas para esclarecer delitos, aplicando todo el rigor de la Ley a quien o quienes resulten responsables.<\/p>\n<p><img fetchpriority=\"high\" decoding=\"async\" class=\"alignnone size-medium wp-image-8128\" src=\"https:\/\/portal.fgeo.gob.mx\/wp-content\/uploads\/2025\/01\/WhatsApp-Image-2025-01-13-at-9.32.40-AM-300x300.jpeg\" alt=\"\" width=\"300\" height=\"300\" \/> <img decoding=\"async\" class=\"alignnone size-medium wp-image-8129\" src=\"https:\/\/portal.fgeo.gob.mx\/wp-content\/uploads\/2025\/01\/WhatsApp-Image-2025-01-13-at-9.32.39-AM-300x300.jpeg\" alt=\"\" width=\"300\" height=\"300\" \/><\/p>\n","protected":false},"author":2,"featured_media":8110,"comment_status":"closed","ping_status":"closed","template":"","tags":[],"categoria_noticias":[],"class_list":["post-16506","noticias","type-noticias","status-publish","has-post-thumbnail","hentry"],"acf":[],"mb":[],"mfb_rest_fields":["title","gutenberg_elementor_mode"],"_links":{"self":[{"href":"https:\/\/portal.fgeo.gob.mx\/index.php\/wp-json\/wp\/v2\/noticias\/16506","targetHints":{"allow":["GET"]}}],"collection":[{"href":"https:\/\/portal.fgeo.gob.mx\/index.php\/wp-json\/wp\/v2\/noticias"}],"about":[{"href":"https:\/\/portal.fgeo.gob.mx\/index.php\/wp-json\/wp\/v2\/types\/noticias"}],"author":[{"embeddable":true,"href":"https:\/\/portal.fgeo.gob.mx\/index.php\/wp-json\/wp\/v2\/users\/2"}],"replies":[{"embeddable":true,"href":"https:\/\/portal.fgeo.gob.mx\/index.php\/wp-json\/wp\/v2\/comments?post=16506"}],"wp:featuredmedia":[{"embeddable":true,"href":"https:\/\/portal.fgeo.gob.mx\/index.php\/wp-json\/"}],"wp:attachment":[{"href":"https:\/\/portal.fgeo.gob.mx\/index.php\/wp-json\/wp\/v2\/media?parent=16506"}],"wp:term":[{"taxonomy":"post_tag","embeddable":true,"href":"https:\/\/portal.fgeo.gob.mx\/index.php\/wp-json\/wp\/v2\/tags?post=16506"},{"taxonomy":"categoria_noticias","embeddable":true,"href":"https:\/\/portal.fgeo.gob.mx\/index.php\/wp-json\/wp\/v2\/categoria_noticias?post=16506"}],"curies":[{"name":"wp","href":"https:\/\/api.w.org\/{rel}","templated":true}]}}