{"id":16504,"date":"2025-01-20T17:00:38","date_gmt":"2025-01-20T23:00:38","guid":{"rendered":"https:\/\/fge.oaxaca.gob.mx\/?post_type=noticias&amp;p=8118"},"modified":"2025-01-20T17:00:38","modified_gmt":"2025-01-20T23:00:38","slug":"boletin-1188-logra-fiscalia-de-oaxaca-vinculacion-a-proceso-y-prision-contra-imputado-por-secuestro-cometido-en-centro-de-la-ciudad-de-oaxaca","status":"publish","type":"noticias","link":"https:\/\/portal.fgeo.gob.mx\/index.php\/archivos\/noticias\/boletin-1188-logra-fiscalia-de-oaxaca-vinculacion-a-proceso-y-prision-contra-imputado-por-secuestro-cometido-en-centro-de-la-ciudad-de-oaxaca","title":{"rendered":"BOLET\u00cdN 1,188.-Logra Fiscal\u00eda de Oaxaca vinculaci\u00f3n a proceso y prisi\u00f3n contra imputado por secuestro cometido en Centro de la ciudad de Oaxaca"},"content":{"rendered":"<p><strong>Oaxaca de Ju\u00e1rez a 20 de enero de 2025.-<\/strong> La Fiscal\u00eda General del Estado de Oaxaca (FGEO) obtuvo auto de vinculaci\u00f3n a proceso y prisi\u00f3n preventiva en contra de una persona del sexo masculino identificada como A.O.G., por el delito de secuestro agravado en contra de M.J.H.S., cometido en la ciudad de Oaxaca.<\/p>\n<p>De acuerdo con el expediente penal del caso, los hechos ocurrieron el 17 de julio de 2019, cuando la v\u00edctima transitaba en calles del Centro de la Ciudad de Oaxaca, lugar donde fue interceptado por un grupo de personas para privarlo de la libertad.<\/p>\n<p>La investigaci\u00f3n revela que los captores se pusieron en contacto con los familiares de la v\u00edctima para solicitar el pago de un rescate para su liberaci\u00f3n.<\/p>\n<p>Una vez que la FGEO tom\u00f3 conocimiento del caso, inici\u00f3 los trabajos de inteligencia criminal y a trav\u00e9s de la Fiscal\u00eda Especializada para la Atenci\u00f3n a Delitos de Alto Impacto y la Unidad Especializada de Combate al Secuestro (UECS), que hicieron posible establecer el paradero del imputado por lo que se despleg\u00f3 un operativo estrat\u00e9gico que permiti\u00f3 la detenci\u00f3n de A.O.G., quien qued\u00f3 a disposici\u00f3n del agente del Ministerio P\u00fablico.<\/p>\n<p>En audiencia y tras la valoraci\u00f3n de pruebas aportadas por la FGEO, el Juez de la causa dict\u00f3 auto de vinculaci\u00f3n a proceso en contra de A.O.G., por el delito de secuestro agravado, adem\u00e1s de imponerle la medida cautelar de prisi\u00f3n preventiva justificada y otorgarle un mes para el cierre de la investigaci\u00f3n complementaria.<\/p>\n<p>Los trabajos de combate al secuestro que realiza la Fiscal\u00eda de Oaxaca se efect\u00faan en estricto apego a los protocolos de actuaci\u00f3n en la materia para dar certeza a las v\u00edctimas directas e indirectas, para que tengan pleno acceso a la justicia.<\/p>\n<p><img fetchpriority=\"high\" decoding=\"async\" class=\"alignnone size-medium wp-image-8119\" src=\"https:\/\/portal.fgeo.gob.mx\/wp-content\/uploads\/2025\/01\/Dise%C3%B1o-sin-t%C3%ADtulo-7-231x300.jpg\" alt=\"\" width=\"231\" height=\"300\" \/><\/p>\n<p>&nbsp;<\/p>\n","protected":false},"author":2,"featured_media":8110,"comment_status":"closed","ping_status":"closed","template":"","tags":[],"categoria_noticias":[],"class_list":["post-16504","noticias","type-noticias","status-publish","has-post-thumbnail","hentry"],"acf":[],"mb":[],"mfb_rest_fields":["title","gutenberg_elementor_mode"],"_links":{"self":[{"href":"https:\/\/portal.fgeo.gob.mx\/index.php\/wp-json\/wp\/v2\/noticias\/16504","targetHints":{"allow":["GET"]}}],"collection":[{"href":"https:\/\/portal.fgeo.gob.mx\/index.php\/wp-json\/wp\/v2\/noticias"}],"about":[{"href":"https:\/\/portal.fgeo.gob.mx\/index.php\/wp-json\/wp\/v2\/types\/noticias"}],"author":[{"embeddable":true,"href":"https:\/\/portal.fgeo.gob.mx\/index.php\/wp-json\/wp\/v2\/users\/2"}],"replies":[{"embeddable":true,"href":"https:\/\/portal.fgeo.gob.mx\/index.php\/wp-json\/wp\/v2\/comments?post=16504"}],"wp:featuredmedia":[{"embeddable":true,"href":"https:\/\/portal.fgeo.gob.mx\/index.php\/wp-json\/"}],"wp:attachment":[{"href":"https:\/\/portal.fgeo.gob.mx\/index.php\/wp-json\/wp\/v2\/media?parent=16504"}],"wp:term":[{"taxonomy":"post_tag","embeddable":true,"href":"https:\/\/portal.fgeo.gob.mx\/index.php\/wp-json\/wp\/v2\/tags?post=16504"},{"taxonomy":"categoria_noticias","embeddable":true,"href":"https:\/\/portal.fgeo.gob.mx\/index.php\/wp-json\/wp\/v2\/categoria_noticias?post=16504"}],"curies":[{"name":"wp","href":"https:\/\/api.w.org\/{rel}","templated":true}]}}