{"id":16503,"date":"2025-01-20T14:15:37","date_gmt":"2025-01-20T20:15:37","guid":{"rendered":"https:\/\/fge.oaxaca.gob.mx\/?post_type=noticias&amp;p=8111"},"modified":"2025-01-20T14:15:37","modified_gmt":"2025-01-20T20:15:37","slug":"boletin-1187-fiscalia-de-oaxaca-encuentra-vehiculos-en-los-que-viajaban-siete-personas-reportadas-como-no-localizadas","status":"publish","type":"noticias","link":"https:\/\/portal.fgeo.gob.mx\/index.php\/archivos\/noticias\/boletin-1187-fiscalia-de-oaxaca-encuentra-vehiculos-en-los-que-viajaban-siete-personas-reportadas-como-no-localizadas","title":{"rendered":"BOLET\u00cdN 1,187.-  Fiscal\u00eda de Oaxaca encuentra veh\u00edculos en los que viajaban siete personas reportadas como No Localizadas"},"content":{"rendered":"<p>* El Fiscal Bernardo Rodr\u00edguez Alamilla, tambi\u00e9n ofreci\u00f3 avances en las investigaciones por las tres personas encontradas sin vida en el estacionamiento de un establecimiento comercial ubicado en la Ex Hacienda Candiani<\/p>\n<p><strong>Oaxaca de Ju\u00e1rez a 20 de enero de 2025.-<\/strong> Al participar en la conferencia de prensa matutina de Gobierno del Estado, que encabeza el Jefe del Ejecutivo, Salom\u00f3n Jara Cruz, el Fiscal de Oaxaca, Bernardo Rodr\u00edguez Alamilla, inform\u00f3 que, entre los avances en las investigaciones localizaron los veh\u00edculos en los que se trasladaron las siete personas reportadas como No Localizadas que presumiblemente salieron de la regi\u00f3n de Valles Centrales camino a la Costa; adem\u00e1s de presentar resultados preliminares de los trabajos ministeriales por el caso de las tres personas localizadas sin vida en el estacionamiento de un establecimiento comercial localizado en la\u00a0 Ex Hacienda Candiani, sobre el que se tienen las rutas de escape del probable responsable.<\/p>\n<p>Al respecto, el Fiscal General del Estado de Oaxaca, Bernardo Rodr\u00edguez Alamilla, detall\u00f3 que los veh\u00edculos fueron encontrados en la zona de Ejutla de Crespo, espec\u00edficamente en la desviaci\u00f3n hacia Barranca Larga, lugar en el que se realizaron labores de investigaci\u00f3n, mientras que los automotores fueron trasladados a las instalaciones del Instituto de Servicios Periciales para recabar mayores indicios.<\/p>\n<p>Asimismo, Rodr\u00edguez Alamilla explic\u00f3 que a partir de este hallazgo, la Fiscal\u00eda de Oaxaca realiza procesos de rectificaci\u00f3n de las zonas de b\u00fasqueda, con el objetivo de focalizar en forma m\u00e1s estrat\u00e9gica las labores de localizaci\u00f3n con base en la informaci\u00f3n que ha arrojado los nuevos hallazgos en este caso, por lo que despliega equipos multidisciplinarios para realizar intervenciones integrales, adem\u00e1s de llevar a cabo operativos de b\u00fasqueda y localizaci\u00f3n en estrecha coordinaci\u00f3n con la Secretar\u00eda de la Defensa Nacional (DEFENSA), Secretar\u00eda de Marina (SEMAR), Guardia Nacional, Polic\u00eda Estatal de la Secretar\u00eda de Seguridad y Protecci\u00f3n Ciudadana, as\u00ed como polic\u00edas municipales de la Costa y de la Comisi\u00f3n Estatal de B\u00fasqueda del Estado de Oaxaca, labores que se respaldan con los trabajos de inteligencia criminal.<\/p>\n<p>A\u00f1adi\u00f3 que, como resultado de estas labores se ha podido determinar que las siete personas reportadas como No Localizadas se conoc\u00edan entre ellas, adem\u00e1s que fueron convocados a la regi\u00f3n de la Costa, por una persona identificada como \u201cEl Patr\u00f3n\u201d para presumiblemente abordar cuestiones de trabajo.<\/p>\n<p>Otro dato encontrado es que se trasladaron por distintos medios y en distintos momentos, adem\u00e1s dentro de las diferentes l\u00edneas de investigaci\u00f3n respecto a este caso se hall\u00f3 que seis de ellos contaban con antecedentes penales, informaci\u00f3n que se investiga con el objetivo de saber si estos datos contextuales representan alg\u00fan nivel de riesgo para las v\u00edctimas.<\/p>\n<p>El Fiscal Bernardo Rodr\u00edguez Alamilla record\u00f3 que las denuncias sobre la no localizaci\u00f3n de las siete personas las recibi\u00f3 la FGEO entre el 11 y 14 de enero, los familiares de las v\u00edctimas indicaron que fueron vistos por \u00faltima vez en diferentes puntos de la regi\u00f3n de Valles Centrales.<\/p>\n<p>Al abordar el caso de las tres personas localizadas sin vida en la Ex Hacienda Candiani, en el municipio de Oaxaca de Ju\u00e1rez, el Fiscal General Bernardo Rodr\u00edguez Alamilla record\u00f3 que las tres personas eran del sexo masculino y fueron identificadas como U. G. M., C. A. R. L. y C. R. O., mientras las investigaciones a cargo de la Fiscal\u00eda Especializada para la Atenci\u00f3n a Delitos de Alto Impacto ha permitido identificar dos veh\u00edculos que estar\u00edan relacionados con la responsabilidad en la comisi\u00f3n de estos hechos.<\/p>\n<p>A trav\u00e9s de trabajo de inteligencia criminal y seguimiento de c\u00e1maras, se identific\u00f3 una camioneta y una motocicleta posiblemente relacionadas con estos hechos, adem\u00e1s se ha reconstruido la ruta de escape que sigui\u00f3 dicha camioneta.<\/p>\n<p>Las primeras indagatorias y trabajos periciales han permitido construir una teor\u00eda del caso que busca presentar ante la justicia a quien o quienes resulten responsables por la comisi\u00f3n de este delito.<\/p>\n<p>La Fiscal\u00eda General del Estado de Oaxaca reiter\u00f3 su compromiso para realizar procesos de procuraci\u00f3n de justicia con mecanismos m\u00e1s eficientes que permitan dar resultados m\u00e1s eficientes a las v\u00edctimas directas e indirectas, y as\u00ed garantizar a toda la ciudadan\u00eda una atenci\u00f3n m\u00e1s adecuada y efectiva, especialmente en casos de alto impacto.<\/p>\n<p><img fetchpriority=\"high\" decoding=\"async\" class=\"alignnone size-medium wp-image-8112\" src=\"https:\/\/portal.fgeo.gob.mx\/wp-content\/uploads\/2025\/01\/FOTO-6-300x200.jpeg\" alt=\"\" width=\"300\" height=\"200\" \/> <img decoding=\"async\" class=\"alignnone size-medium wp-image-8113\" src=\"https:\/\/portal.fgeo.gob.mx\/wp-content\/uploads\/2025\/01\/FOTO-5-300x200.jpeg\" alt=\"\" width=\"300\" height=\"200\" \/> <img decoding=\"async\" class=\"alignnone size-medium wp-image-8114\" src=\"https:\/\/portal.fgeo.gob.mx\/wp-content\/uploads\/2025\/01\/FOTO-4-300x200.jpeg\" alt=\"\" width=\"300\" height=\"200\" \/> <img loading=\"lazy\" decoding=\"async\" class=\"alignnone size-medium wp-image-8115\" src=\"https:\/\/portal.fgeo.gob.mx\/wp-content\/uploads\/2025\/01\/FOTO-3-300x200.jpeg\" alt=\"\" width=\"300\" height=\"200\" \/> <img loading=\"lazy\" decoding=\"async\" class=\"alignnone size-medium wp-image-8116\" src=\"https:\/\/portal.fgeo.gob.mx\/wp-content\/uploads\/2025\/01\/FOTO-2-300x200.jpeg\" alt=\"\" width=\"300\" height=\"200\" \/> <img loading=\"lazy\" decoding=\"async\" class=\"alignnone size-medium wp-image-8117\" src=\"https:\/\/portal.fgeo.gob.mx\/wp-content\/uploads\/2025\/01\/FOTO-1-1-300x200.jpeg\" alt=\"\" width=\"300\" height=\"200\" \/><\/p>\n","protected":false},"author":2,"featured_media":8110,"comment_status":"closed","ping_status":"closed","template":"","tags":[],"categoria_noticias":[],"class_list":["post-16503","noticias","type-noticias","status-publish","has-post-thumbnail","hentry"],"acf":[],"mb":[],"mfb_rest_fields":["title","gutenberg_elementor_mode"],"_links":{"self":[{"href":"https:\/\/portal.fgeo.gob.mx\/index.php\/wp-json\/wp\/v2\/noticias\/16503","targetHints":{"allow":["GET"]}}],"collection":[{"href":"https:\/\/portal.fgeo.gob.mx\/index.php\/wp-json\/wp\/v2\/noticias"}],"about":[{"href":"https:\/\/portal.fgeo.gob.mx\/index.php\/wp-json\/wp\/v2\/types\/noticias"}],"author":[{"embeddable":true,"href":"https:\/\/portal.fgeo.gob.mx\/index.php\/wp-json\/wp\/v2\/users\/2"}],"replies":[{"embeddable":true,"href":"https:\/\/portal.fgeo.gob.mx\/index.php\/wp-json\/wp\/v2\/comments?post=16503"}],"wp:featuredmedia":[{"embeddable":true,"href":"https:\/\/portal.fgeo.gob.mx\/index.php\/wp-json\/"}],"wp:attachment":[{"href":"https:\/\/portal.fgeo.gob.mx\/index.php\/wp-json\/wp\/v2\/media?parent=16503"}],"wp:term":[{"taxonomy":"post_tag","embeddable":true,"href":"https:\/\/portal.fgeo.gob.mx\/index.php\/wp-json\/wp\/v2\/tags?post=16503"},{"taxonomy":"categoria_noticias","embeddable":true,"href":"https:\/\/portal.fgeo.gob.mx\/index.php\/wp-json\/wp\/v2\/categoria_noticias?post=16503"}],"curies":[{"name":"wp","href":"https:\/\/api.w.org\/{rel}","templated":true}]}}