{"id":16502,"date":"2025-01-20T07:47:47","date_gmt":"2025-01-20T13:47:47","guid":{"rendered":"https:\/\/fge.oaxaca.gob.mx\/?post_type=noticias&amp;p=8107"},"modified":"2025-01-20T07:47:47","modified_gmt":"2025-01-20T13:47:47","slug":"boletin-1186-fiscalia-de-oaxaca-aprehende-a-tres-personas-por-homicidio-calificado-en-grado-de-tentativa-cometido-en-san-antonio-de-la-cal","status":"publish","type":"noticias","link":"https:\/\/portal.fgeo.gob.mx\/index.php\/archivos\/noticias\/boletin-1186-fiscalia-de-oaxaca-aprehende-a-tres-personas-por-homicidio-calificado-en-grado-de-tentativa-cometido-en-san-antonio-de-la-cal","title":{"rendered":"BOLET\u00cdN 1186 &#8211; Fiscal\u00eda de Oaxaca aprehende a tres personas por Homicidio Calificado en grado de Tentativa, cometido en San Antonio de la Cal"},"content":{"rendered":"<p><em>* La v\u00edctima caminaba por calles de la comunidad antes citada cuando los agresores, que aparentemente pertenecen a un grupo de pandilleros de la zona, lo atacaron con armas punzo-cortantes<\/em><\/p>\n<p><strong>Oaxaca de Ju\u00e1rez a 20 de enero de 2025.-<\/strong> La Fiscal\u00eda General del Estado de Oaxaca (FGEO) realiz\u00f3 un operativo para ejecutar una orden de aprehensi\u00f3n en contra de tres personas del sexo masculino, identificadas por las iniciales J. M. M. L., B. G. O. o B. G. C.\u00a0 y\u00a0 H. M. O., por el delito de Homicidio Calificado en Grado de Tentativa, ocurrido durante una agresi\u00f3n con arma punzo-cortante, ocurrido en el municipio de San Antonio de la Cal.<\/p>\n<p>Los hechos ocurrieron el 15 de enero de 2025, cuando la v\u00edctima identificada como C. M. P. S. (hombre) caminaba sobre la calle de Margaritas en la Primera Secci\u00f3n de Las Moras, San Antonio de la Cal.<\/p>\n<p>De pronto, fue interceptado por tres personas que presumiblemente son parte de un grupo que opera en la zona quienes se identifican como \u201cCholos\u201d, quienes lo agredieron con navajas, infligiendo lesiones en diferentes partes del cuerpo.<\/p>\n<p>Mientras los agresores huyeron del lugar, la v\u00edctima qued\u00f3 con severas lesiones. Ante los hechos, la Fiscal\u00eda de Oaxaca inici\u00f3 las investigaciones que quedaron a cargo de la Vicefiscal\u00eda Regional de los Valles Centrales, que, derivado de los trabajos periciales, obtuvo una orden de aprehensi\u00f3n en contra de tres personas.<\/p>\n<p>Un grupo de elementos de la Agencia Estatal de Investigaciones (AEI) despleg\u00f3 un operativo para dar cumplimiento al mandato judicial y, en acciones simult\u00e1neas, logr\u00f3 la detenci\u00f3n de iniciales J. M. M. L., B. G. O. o B. G. C.\u00a0 y\u00a0 H. M. O., por el delito de Homicidio Calificado en Grado de Tentativa.<\/p>\n<p>Los tres detenidos quedaron a disposici\u00f3n de la autoridad ministerial correspondiente para que se resuelva su situaci\u00f3n jur\u00eddica en las pr\u00f3ximas horas.<\/p>\n<p>La Fiscal\u00eda de Oaxaca focaliza los esfuerzos institucionales en los trabajos ministeriales especializados para tener resultados m\u00e1s efectivos en las labores de procuraci\u00f3n de justicia para que las v\u00edctimas tengan pleno acceso a la justicia.<\/p>\n<p><img fetchpriority=\"high\" decoding=\"async\" class=\"alignnone size-medium wp-image-8108\" src=\"https:\/\/portal.fgeo.gob.mx\/wp-content\/uploads\/2025\/01\/BOLET%C3%8DN-1186-Fiscal%C3%ADa-de-Oaxaca-aprehende-a-tres-personas-por-Homicidio-Calificado-en-grado-de-Tentativa-cometido-en-San-Antonio-de-la-Cal_page-0001-232x300.jpg\" alt=\"\" width=\"232\" height=\"300\" \/> <img decoding=\"async\" class=\"alignnone size-medium wp-image-8109\" src=\"https:\/\/portal.fgeo.gob.mx\/wp-content\/uploads\/2025\/01\/BOLET%C3%8DN-1186-Fiscal%C3%ADa-de-Oaxaca-aprehende-a-tres-personas-por-Homicidio-Calificado-en-grado-de-Tentativa-cometido-en-San-Antonio-de-la-Cal-300x171.jpeg\" alt=\"\" width=\"300\" height=\"171\" \/><\/p>\n","protected":false},"author":2,"featured_media":8110,"comment_status":"closed","ping_status":"closed","template":"","tags":[],"categoria_noticias":[],"class_list":["post-16502","noticias","type-noticias","status-publish","has-post-thumbnail","hentry"],"acf":[],"mb":[],"mfb_rest_fields":["title","gutenberg_elementor_mode"],"_links":{"self":[{"href":"https:\/\/portal.fgeo.gob.mx\/index.php\/wp-json\/wp\/v2\/noticias\/16502","targetHints":{"allow":["GET"]}}],"collection":[{"href":"https:\/\/portal.fgeo.gob.mx\/index.php\/wp-json\/wp\/v2\/noticias"}],"about":[{"href":"https:\/\/portal.fgeo.gob.mx\/index.php\/wp-json\/wp\/v2\/types\/noticias"}],"author":[{"embeddable":true,"href":"https:\/\/portal.fgeo.gob.mx\/index.php\/wp-json\/wp\/v2\/users\/2"}],"replies":[{"embeddable":true,"href":"https:\/\/portal.fgeo.gob.mx\/index.php\/wp-json\/wp\/v2\/comments?post=16502"}],"wp:featuredmedia":[{"embeddable":true,"href":"https:\/\/portal.fgeo.gob.mx\/index.php\/wp-json\/"}],"wp:attachment":[{"href":"https:\/\/portal.fgeo.gob.mx\/index.php\/wp-json\/wp\/v2\/media?parent=16502"}],"wp:term":[{"taxonomy":"post_tag","embeddable":true,"href":"https:\/\/portal.fgeo.gob.mx\/index.php\/wp-json\/wp\/v2\/tags?post=16502"},{"taxonomy":"categoria_noticias","embeddable":true,"href":"https:\/\/portal.fgeo.gob.mx\/index.php\/wp-json\/wp\/v2\/categoria_noticias?post=16502"}],"curies":[{"name":"wp","href":"https:\/\/api.w.org\/{rel}","templated":true}]}}