{"id":16500,"date":"2025-01-17T16:00:38","date_gmt":"2025-01-17T22:00:38","guid":{"rendered":"https:\/\/fge.oaxaca.gob.mx\/?post_type=noticias&amp;p=8093"},"modified":"2025-01-17T16:00:38","modified_gmt":"2025-01-17T22:00:38","slug":"boletin-1184-derivado-de-trabajos-de-investigacion-e-inteligencia-criminal-fgeo-focaliza-trabajos-de-busqueda-y-localizacion-de-siete-personas-en-la-costa","status":"publish","type":"noticias","link":"https:\/\/portal.fgeo.gob.mx\/index.php\/archivos\/noticias\/boletin-1184-derivado-de-trabajos-de-investigacion-e-inteligencia-criminal-fgeo-focaliza-trabajos-de-busqueda-y-localizacion-de-siete-personas-en-la-costa","title":{"rendered":"BOLET\u00cdN 1184.-Derivado de trabajos de investigaci\u00f3n e inteligencia criminal FGEO focaliza trabajos de b\u00fasqueda y localizaci\u00f3n de siete personas en la Costa"},"content":{"rendered":"<p style=\"text-align: justify\">Oaxaca de Ju\u00e1rez a 17 de enero de 2025.- Derivado de los trabajos de investigaci\u00f3n, an\u00e1lisis de contexto e inteligencia criminal, la Fiscal\u00eda General del Estado de Oaxaca (FGEO) focaliza en la regi\u00f3n de la Costa las acciones b\u00fasqueda y localizaci\u00f3n de siete personas reportadas como No Localizadas en los Valles Centrales, acciones en las que participan elementos de instancias estatales y federales.<\/p>\n<p style=\"text-align: justify\">La Fiscal\u00eda de Oaxaca realiza las labores de b\u00fasqueda y localizaci\u00f3n a trav\u00e9s de equipos multidisciplinarios e involucrando \u00e1reas estrat\u00e9gicas, as\u00ed como herramientas de an\u00e1lisis y contexto que han permitido orientar la b\u00fasquedas espec\u00edficas en la regi\u00f3n de la Costa, ya que derivado de los trabajos de inteligencia fue posible establecer directrices que sugieren que las v\u00edctimas estuvieron en esa zona.<\/p>\n<p style=\"text-align: justify\">Asimismo, en los operativos de b\u00fasqueda y localizaci\u00f3n participan la Vicefiscal\u00eda General de Atenci\u00f3n a V\u00edctimas, la Unidad de B\u00fasqueda de Personas No Localizadas, Vicefiscal\u00eda Regional de la Costa, la Unidad Especializada en Desaparici\u00f3n Forzada, adem\u00e1s de la Unidad de Combate al Secuestro, elementos de la Agencia Estatal de Investigaciones, as\u00ed como personal de la Guardia Nacional, Secretar\u00eda de la Defensa (DEFENSA), Secretar\u00eda de la Mariana, elementos de la Polic\u00eda Estatal y personal de la Comisi\u00f3n Estatal de B\u00fasqueda.<\/p>\n<p style=\"text-align: justify\">\n<p style=\"text-align: justify\">\n<p style=\"text-align: justify\">\u00a0 \u00a0 \u00a0 \u00a0<img fetchpriority=\"high\" decoding=\"async\" class=\"alignnone size-medium wp-image-8094\" src=\"https:\/\/portal.fgeo.gob.mx\/wp-content\/uploads\/2025\/01\/1184_1-300x225.jpg\" alt=\"\" width=\"300\" height=\"225\" \/>\u00a0 \u00a0\u00a0\u00a0\u00a0<img decoding=\"async\" class=\"alignnone size-medium wp-image-8100\" src=\"https:\/\/portal.fgeo.gob.mx\/wp-content\/uploads\/2025\/01\/1184_7-225x300.jpg\" alt=\"\" width=\"225\" height=\"300\" \/>\u00a0 \u00a0<img decoding=\"async\" class=\"alignnone size-medium wp-image-8097\" src=\"https:\/\/portal.fgeo.gob.mx\/wp-content\/uploads\/2025\/01\/1184_4-300x225.jpg\" alt=\"\" width=\"300\" height=\"225\" \/><\/p>\n<p style=\"text-align: justify\">\u00a0 \u00a0 \u00a0 \u00a0 \u00a0 \u00a0 \u00a0 \u00a0 \u00a0 \u00a0 \u00a0 \u00a0 \u00a0 \u00a0 \u00a0 \u00a0 \u00a0 \u00a0 \u00a0 \u00a0 \u00a0 \u00a0 \u00a0 \u00a0 \u00a0 \u00a0 \u00a0 \u00a0 \u00a0 \u00a0 \u00a0 \u00a0 \u00a0 \u00a0 \u00a0 \u00a0 \u00a0 \u00a0 \u00a0<img loading=\"lazy\" decoding=\"async\" class=\"alignnone size-medium wp-image-8098\" src=\"https:\/\/portal.fgeo.gob.mx\/wp-content\/uploads\/2025\/01\/1184_5-300x225.jpg\" alt=\"\" width=\"300\" height=\"225\" \/><\/p>\n<p style=\"text-align: justify\">\n<p style=\"text-align: justify\">La Fiscal\u00eda de Oaxaca puntualiz\u00f3 que se lleva a cabo un despliegue log\u00edstico y equipo tecnol\u00f3gico que se suman a los trabajos de an\u00e1lisis y contexto, as\u00ed como de inteligencia criminal, labores en las que intervienen equipos multidisciplinarios para darle a las investigaciones un enfoque integral.<\/p>\n<p style=\"text-align: justify\">Las denuncias sobre la no localizaci\u00f3n de las siete personas las recibi\u00f3 la FGEO entre el 11 y 14 de enero, los familiares de las v\u00edctimas indicaron que fueron vistos por \u00faltima vez en diferentes puntos de la regi\u00f3n de Valles Centrales.<\/p>\n<p style=\"text-align: justify\">La Fiscal\u00eda General del Estado de Oaxaca reitera su compromiso de realizar todas las acciones necesarias que permitan obtener datos e informaci\u00f3n que conduzca a la localizaci\u00f3n de las personas reportadas como No Localizadas, adem\u00e1s que garantiza que los procesos se realizan con estricto apego a los protocolos de b\u00fasqueda de personas para dar certeza a las v\u00edctimas directas e indirectas.<\/p>\n<p style=\"text-align: justify\">\n<p style=\"text-align: justify\">\u00a0 \u00a0 \u00a0 \u00a0 \u00a0 \u00a0 \u00a0 \u00a0 \u00a0 \u00a0 \u00a0 \u00a0 \u00a0 \u00a0 \u00a0 \u00a0 \u00a0<img loading=\"lazy\" decoding=\"async\" class=\"alignnone size-medium wp-image-8099\" src=\"https:\/\/portal.fgeo.gob.mx\/wp-content\/uploads\/2025\/01\/1184_6-300x225.jpg\" alt=\"\" width=\"300\" height=\"225\" \/>\u00a0 \u00a0 \u00a0 \u00a0 \u00a0 \u00a0 \u00a0\u00a0<img loading=\"lazy\" decoding=\"async\" class=\"alignnone size-medium wp-image-8095\" src=\"https:\/\/portal.fgeo.gob.mx\/wp-content\/uploads\/2025\/01\/1184_2-300x225.jpg\" alt=\"\" width=\"300\" height=\"225\" \/><\/p>\n<p style=\"text-align: justify\">\u00a0 \u00a0 \u00a0 \u00a0 \u00a0 \u00a0 \u00a0 \u00a0 \u00a0 \u00a0 \u00a0 \u00a0 \u00a0 \u00a0 \u00a0 \u00a0 \u00a0 \u00a0 \u00a0 \u00a0 \u00a0 \u00a0 \u00a0 \u00a0 \u00a0 \u00a0 \u00a0 \u00a0 \u00a0 \u00a0 \u00a0 \u00a0 \u00a0 \u00a0 \u00a0 \u00a0 \u00a0 \u00a0 \u00a0 \u00a0<img loading=\"lazy\" decoding=\"async\" class=\"alignnone size-medium wp-image-8101\" src=\"https:\/\/portal.fgeo.gob.mx\/wp-content\/uploads\/2025\/01\/1184_9-300x225.jpg\" alt=\"\" width=\"300\" height=\"225\" \/><\/p>\n","protected":false},"author":2,"featured_media":8070,"comment_status":"closed","ping_status":"closed","template":"","tags":[],"categoria_noticias":[],"class_list":["post-16500","noticias","type-noticias","status-publish","has-post-thumbnail","hentry"],"acf":[],"mb":[],"mfb_rest_fields":["title","gutenberg_elementor_mode"],"_links":{"self":[{"href":"https:\/\/portal.fgeo.gob.mx\/index.php\/wp-json\/wp\/v2\/noticias\/16500","targetHints":{"allow":["GET"]}}],"collection":[{"href":"https:\/\/portal.fgeo.gob.mx\/index.php\/wp-json\/wp\/v2\/noticias"}],"about":[{"href":"https:\/\/portal.fgeo.gob.mx\/index.php\/wp-json\/wp\/v2\/types\/noticias"}],"author":[{"embeddable":true,"href":"https:\/\/portal.fgeo.gob.mx\/index.php\/wp-json\/wp\/v2\/users\/2"}],"replies":[{"embeddable":true,"href":"https:\/\/portal.fgeo.gob.mx\/index.php\/wp-json\/wp\/v2\/comments?post=16500"}],"wp:featuredmedia":[{"embeddable":true,"href":"https:\/\/portal.fgeo.gob.mx\/index.php\/wp-json\/"}],"wp:attachment":[{"href":"https:\/\/portal.fgeo.gob.mx\/index.php\/wp-json\/wp\/v2\/media?parent=16500"}],"wp:term":[{"taxonomy":"post_tag","embeddable":true,"href":"https:\/\/portal.fgeo.gob.mx\/index.php\/wp-json\/wp\/v2\/tags?post=16500"},{"taxonomy":"categoria_noticias","embeddable":true,"href":"https:\/\/portal.fgeo.gob.mx\/index.php\/wp-json\/wp\/v2\/categoria_noticias?post=16500"}],"curies":[{"name":"wp","href":"https:\/\/api.w.org\/{rel}","templated":true}]}}