{"id":16499,"date":"2025-01-17T13:01:24","date_gmt":"2025-01-17T19:01:24","guid":{"rendered":"https:\/\/fge.oaxaca.gob.mx\/?post_type=noticias&amp;p=8091"},"modified":"2025-01-17T13:01:24","modified_gmt":"2025-01-17T19:01:24","slug":"boletin-1183-obtiene-fiscalia-de-oaxaca-vinculacion-a-proceso-y-prision-preventiva-contra-tres-personas-originarias-de-san-pedro-ocotepec-mixe-por-el-delito-de-homicidio","status":"publish","type":"noticias","link":"https:\/\/portal.fgeo.gob.mx\/index.php\/archivos\/noticias\/boletin-1183-obtiene-fiscalia-de-oaxaca-vinculacion-a-proceso-y-prision-preventiva-contra-tres-personas-originarias-de-san-pedro-ocotepec-mixe-por-el-delito-de-homicidio","title":{"rendered":"BOLET\u00cdN 1,183.- Obtiene Fiscal\u00eda de Oaxaca vinculaci\u00f3n a proceso y prisi\u00f3n preventiva contra tres personas originarias de San Pedro Ocotepec Mixe, por el delito de homicidio"},"content":{"rendered":"<p><strong>Oaxaca de Ju\u00e1rez a 17 de enero de 2025.-<\/strong> La Fiscal\u00eda General del Estado de Oaxaca (FGEO) obtuvo auto de vinculaci\u00f3n a proceso y prisi\u00f3n preventiva en contra de tres personas del sexo masculino identificadas como M.M.O., H.M.A. y J.C.M., por el delito de homicidio calificado con ventaja, hechos ocurridos en San Juan Juquila, Mixes.<\/p>\n<p>De acuerdo con el expediente penal del caso, los hechos ocurrieron el 3 de junio de 2023, cuando la v\u00edctima -un hombre identificado por las iniciales M.E.J.- fue interceptado por un grupo de personas que portaban armas de fuego, cuando caminaba a la altura del Paraje el Arenal, en el municipio de San Juan Juquila, Mixes.<\/p>\n<p>En el lugar, agredieron con disparos de arma de fuego a M.E.J., quien perdi\u00f3 la vida al momento, como consecuencia de las lesiones que sufri\u00f3 por el ataque.<\/p>\n<p>Ante los hechos, la Fiscal\u00eda de Oaxaca tom\u00f3 conocimiento del caso e inici\u00f3 los trabajos ministeriales al respecto a trav\u00e9s de la Vicefiscal\u00eda Regional de Valles Centrales.<\/p>\n<p>Como resultado de las investigaciones realizadas por la Instituci\u00f3n de procuraci\u00f3n de justicia, se logr\u00f3 obtener y ejecutar las \u00f3rdenes de aprehensi\u00f3n con lo cual fue posible presentar a los imputados ante el Juez de la causa.<\/p>\n<p>Una vez evaluados los datos de prueba aportados por el Ministerio P\u00fablico, el Juez en turno, dict\u00f3 auto de vinculaci\u00f3n a proceso en contra de M.M.O., H.M.A. y J.C.M., por el delito de homicidio calificado con ventaja, adem\u00e1s de imponer la medida cautelar de prisi\u00f3n preventiva justificada de manera definitiva y otorgar un mes para el cierre de investigaci\u00f3n complementaria.<\/p>\n<p>Adem\u00e1s, se logr\u00f3 establecer que los imputados M.M.O., H.M.A. y J.C.M. -fungen como autoridades municipales de San Pedro Ocotepec Mixe, en la regi\u00f3n de la Sierra Norte.<\/p>\n<p>La Fiscal\u00eda General garantiza investigaciones exhaustivas para esclarecer delitos, aplicando todo el rigor de la Ley a quien o quienes resulten responsables.<\/p>\n<p><img fetchpriority=\"high\" decoding=\"async\" class=\"alignnone size-medium wp-image-8092\" src=\"https:\/\/portal.fgeo.gob.mx\/wp-content\/uploads\/2025\/01\/WhatsApp-Image-2025-01-17-at-12.23.54-PM-300x238.jpeg\" alt=\"\" width=\"300\" height=\"238\" \/><\/p>\n<p>&nbsp;<\/p>\n","protected":false},"author":2,"featured_media":8070,"comment_status":"closed","ping_status":"closed","template":"","tags":[],"categoria_noticias":[],"class_list":["post-16499","noticias","type-noticias","status-publish","has-post-thumbnail","hentry"],"acf":[],"mb":[],"mfb_rest_fields":["title","gutenberg_elementor_mode"],"_links":{"self":[{"href":"https:\/\/portal.fgeo.gob.mx\/index.php\/wp-json\/wp\/v2\/noticias\/16499","targetHints":{"allow":["GET"]}}],"collection":[{"href":"https:\/\/portal.fgeo.gob.mx\/index.php\/wp-json\/wp\/v2\/noticias"}],"about":[{"href":"https:\/\/portal.fgeo.gob.mx\/index.php\/wp-json\/wp\/v2\/types\/noticias"}],"author":[{"embeddable":true,"href":"https:\/\/portal.fgeo.gob.mx\/index.php\/wp-json\/wp\/v2\/users\/2"}],"replies":[{"embeddable":true,"href":"https:\/\/portal.fgeo.gob.mx\/index.php\/wp-json\/wp\/v2\/comments?post=16499"}],"wp:featuredmedia":[{"embeddable":true,"href":"https:\/\/portal.fgeo.gob.mx\/index.php\/wp-json\/"}],"wp:attachment":[{"href":"https:\/\/portal.fgeo.gob.mx\/index.php\/wp-json\/wp\/v2\/media?parent=16499"}],"wp:term":[{"taxonomy":"post_tag","embeddable":true,"href":"https:\/\/portal.fgeo.gob.mx\/index.php\/wp-json\/wp\/v2\/tags?post=16499"},{"taxonomy":"categoria_noticias","embeddable":true,"href":"https:\/\/portal.fgeo.gob.mx\/index.php\/wp-json\/wp\/v2\/categoria_noticias?post=16499"}],"curies":[{"name":"wp","href":"https:\/\/api.w.org\/{rel}","templated":true}]}}