{"id":16497,"date":"2025-01-16T12:37:14","date_gmt":"2025-01-16T18:37:14","guid":{"rendered":"https:\/\/fge.oaxaca.gob.mx\/?post_type=noticias&amp;p=8085"},"modified":"2025-01-16T12:37:14","modified_gmt":"2025-01-16T18:37:14","slug":"boletin-1181-obtiene-fgeo-vinculacion-a-proceso-y-prision-contra-imputado-por-robo-con-violencia-a-una-tienda-de-telefonia-celular-cometido-en-la-region-mixteca","status":"publish","type":"noticias","link":"https:\/\/portal.fgeo.gob.mx\/index.php\/archivos\/noticias\/boletin-1181-obtiene-fgeo-vinculacion-a-proceso-y-prision-contra-imputado-por-robo-con-violencia-a-una-tienda-de-telefonia-celular-cometido-en-la-region-mixteca","title":{"rendered":"BOLET\u00cdN 1181 .- Obtiene FGEO vinculaci\u00f3n a proceso y prisi\u00f3n contra imputado por robo con violencia a una tienda de telefon\u00eda celular cometido en la regi\u00f3n Mixteca"},"content":{"rendered":"<p><strong>Oaxaca de Ju\u00e1rez a 16 de enero de 2025.-<\/strong>\u00a0 La Fiscal\u00eda General del Estado de Oaxaca (FGEO) obtuvo auto de Vinculaci\u00f3n a Proceso y prisi\u00f3n preventiva en contra de una persona del sexo masculino identificada como J.P.B., alias el &#8220;Tun Tun&#8221;, por el delito de Robo Calificado con Violencia a las Cosas en perjuicio patrimonial de la empresa Radio M\u00f3vil Dipsa SA de CV (Telcel), ocurrido en la regi\u00f3n de la Mixteca.<\/p>\n<p>De acuerdo con lo establecido en el expediente penal, los hechos ocurrieron el 03 de julio de 2023, cuando los responsables ingresaron con violencia a un centro de atenci\u00f3n a clientes de la empresa Telcel ubicado en calles del municipio de Huajuapan de Le\u00f3n, donde forzaron chapas y cerraduras e hicieron boquetes al interior del inmueble para sustraer varios equipos de telefon\u00eda m\u00f3vil, generando un perjuicio econ\u00f3mico a la citada empresa.<\/p>\n<p>Una vez interpuesta la denuncia, la Fiscal\u00eda de Oaxaca -a trav\u00e9s de la Vicefiscal\u00eda Regional de la Mixteca- despleg\u00f3 un equipo multidisciplinario al lugar de los hechos para realizar las investigaciones ministeriales correspondientes, logrando obtener pruebas necesarias para obtener una orden de aprehensi\u00f3n y posteriormente realizar la detenci\u00f3n de J.P.B., alias &#8220;Tun Tun&#8221;, quien fue presentado ante la autoridad que los requiri\u00f3 misma que comunic\u00f3 imputaci\u00f3n al detenido.<\/p>\n<p>Tras audiencia, el Juez que atiende la causa valor\u00f3 las pruebas aportadas por la FGEO y dict\u00f3 vinculaci\u00f3n a proceso por el delito de Robo Calificado con Violencia a las Cosas en perjuicio patrimonial de la empresa Radio M\u00f3vil Dipsa SA de CV., e impuso la media cautelar de prisi\u00f3n preventiva oficiosa otorgando dos meses para el cierre de la investigaci\u00f3n completar\u00eda.<\/p>\n<p>En delitos de alto impacto, la Fiscal\u00eda General de Oaxaca realiza investigaciones exhaustivas para dar con quien o quienes resulten responsables, present\u00e1ndolos ante la justicia y aplicando todo el rigor de la Ley.<\/p>\n<p><img fetchpriority=\"high\" decoding=\"async\" class=\"alignnone size-medium wp-image-8086\" src=\"https:\/\/portal.fgeo.gob.mx\/wp-content\/uploads\/2025\/01\/BOLET%C3%8DN-1181-.-Obtiene-FGEO-vinculaci%C3%B3n-a-proceso-y-prisi%C3%B3n-contra-imputado-por-robo-con-violencia-a-una-tienda-de-telefon%C3%ADa-celular-cometido-en-la-regi%C3%B3n-Mixteca-225x300.jpeg\" alt=\"\" width=\"225\" height=\"300\" \/><\/p>\n<p>&nbsp;<\/p>\n","protected":false},"author":2,"featured_media":8070,"comment_status":"closed","ping_status":"closed","template":"","tags":[],"categoria_noticias":[],"class_list":["post-16497","noticias","type-noticias","status-publish","has-post-thumbnail","hentry"],"acf":[],"mb":[],"mfb_rest_fields":["title","gutenberg_elementor_mode"],"_links":{"self":[{"href":"https:\/\/portal.fgeo.gob.mx\/index.php\/wp-json\/wp\/v2\/noticias\/16497","targetHints":{"allow":["GET"]}}],"collection":[{"href":"https:\/\/portal.fgeo.gob.mx\/index.php\/wp-json\/wp\/v2\/noticias"}],"about":[{"href":"https:\/\/portal.fgeo.gob.mx\/index.php\/wp-json\/wp\/v2\/types\/noticias"}],"author":[{"embeddable":true,"href":"https:\/\/portal.fgeo.gob.mx\/index.php\/wp-json\/wp\/v2\/users\/2"}],"replies":[{"embeddable":true,"href":"https:\/\/portal.fgeo.gob.mx\/index.php\/wp-json\/wp\/v2\/comments?post=16497"}],"wp:featuredmedia":[{"embeddable":true,"href":"https:\/\/portal.fgeo.gob.mx\/index.php\/wp-json\/"}],"wp:attachment":[{"href":"https:\/\/portal.fgeo.gob.mx\/index.php\/wp-json\/wp\/v2\/media?parent=16497"}],"wp:term":[{"taxonomy":"post_tag","embeddable":true,"href":"https:\/\/portal.fgeo.gob.mx\/index.php\/wp-json\/wp\/v2\/tags?post=16497"},{"taxonomy":"categoria_noticias","embeddable":true,"href":"https:\/\/portal.fgeo.gob.mx\/index.php\/wp-json\/wp\/v2\/categoria_noticias?post=16497"}],"curies":[{"name":"wp","href":"https:\/\/api.w.org\/{rel}","templated":true}]}}