{"id":16496,"date":"2025-01-16T09:37:20","date_gmt":"2025-01-16T15:37:20","guid":{"rendered":"https:\/\/fge.oaxaca.gob.mx\/?post_type=noticias&amp;p=8083"},"modified":"2025-01-16T09:37:20","modified_gmt":"2025-01-16T15:37:20","slug":"boletin-1180-fiscalia-de-oaxaca-ejecuta-orden-de-aprehension-y-detienen-a-una-persona-en-veracruz-por-el-delito-de-pederastia","status":"publish","type":"noticias","link":"https:\/\/portal.fgeo.gob.mx\/index.php\/archivos\/noticias\/boletin-1180-fiscalia-de-oaxaca-ejecuta-orden-de-aprehension-y-detienen-a-una-persona-en-veracruz-por-el-delito-de-pederastia","title":{"rendered":"BOLET\u00cdN 1,180.- Fiscal\u00eda de Oaxaca ejecuta orden de aprehensi\u00f3n y detienen a una persona en Veracruz por el delito de pederastia"},"content":{"rendered":"<p>&nbsp;<\/p>\n<p>*_ Colaboraci\u00f3n interinstitucional permite la detenci\u00f3n del imputado por el delito cometido en la regi\u00f3n de la Cuenca del Papaloapan_<br \/>\n<strong>Oaxaca de Ju\u00e1rez a 16 de enero de 2025.- <\/strong>La Fiscal\u00eda General del Estado de Oaxaca (FGEO), en colaboraci\u00f3n interinstitucional con la Fiscal\u00eda de Veracruz, ejecutaron una orden de aprehensi\u00f3n que permiti\u00f3 la detenci\u00f3n de una persona del sexo masculino identificado como F.L.P., por el delito de pederastia, ocurrido en la regi\u00f3n de la Cuenca del Papaloapan.<\/p>\n<p>&nbsp;<\/p>\n<p>La detenci\u00f3n fue efectuada en el municipio de Tlacojalpan, perteneciente al estado de Veracruz, la cual se llev\u00f3 a cabo en gracias a la coordinaci\u00f3n de la Polic\u00eda Ministerial adscrita a la jefatura de detectives de Tres Valles de aquella entidad vecina y Agentes Estatales de Investigaci\u00f3n de Oaxaca, derivado de una denuncia interpuesta por hechos ocurridos el 17 de junio de 2024.<\/p>\n<p>&nbsp;<\/p>\n<p>De acuerdo con el expediente penal, en esa fecha una menor de edad- cuya identidad esta reserva por ley- fue agredida de manera sexual cuando se encontraba en el interior de un domicilio particular ubicado en el municipio de Loma Bonita, Tuxtepec perteneciente a la entidad oaxaque\u00f1a.<\/p>\n<p>&nbsp;<\/p>\n<p>Al tener conocimiento de los hechos, la FGEO inici\u00f3 las investigaciones ministeriales correspondientes a trav\u00e9s de la Vicefiscal\u00eda Regional de la Cuenca, logrando obtener una orden de aprehensi\u00f3n en contra de F.L.P.<\/p>\n<p>&nbsp;<\/p>\n<p>Una vez realizadas las labores de localizaci\u00f3n, se pudo establecer que F.L.P., se encontraba en aquel estado vecino, por lo que se solicit\u00f3 la colaboraci\u00f3n de la Fiscal\u00eda de Veracruz para la ejecuci\u00f3n de la orden de aprehensi\u00f3n en su contra, por lo que, luego de ser detenido se efectuaron los tr\u00e1mites legales correspondientes para su trasladado a Oaxaca y con ello, ponerlo a disposici\u00f3n de la autoridad ministerial competente.<\/p>\n<p>&nbsp;<\/p>\n<p>La Fiscal\u00eda General del Estado de Oaxaca tiene como prioridad garantizar procesos de justicia eficientes en los casos de delitos cometidos en contra de ni\u00f1as, ni\u00f1os y adolescentes, a trav\u00e9s de investigaciones integrales y con perspectiva de infancia que logren garantizar el inter\u00e9s superior de la ni\u00f1ez.<\/p>\n<figure id=\"attachment_8084\" aria-describedby=\"caption-attachment-8084\" style=\"width: 300px\" class=\"wp-caption alignnone\"><img fetchpriority=\"high\" decoding=\"async\" class=\"size-medium wp-image-8084\" src=\"https:\/\/portal.fgeo.gob.mx\/wp-content\/uploads\/2025\/01\/Dise%C3%B1o-sin-t%C3%ADtulo-6-300x300.jpg\" alt=\"\" width=\"300\" height=\"300\" \/><figcaption id=\"caption-attachment-8084\" class=\"wp-caption-text\">Dise\u00f1o sin t\u00edtulo &#8211; 1<\/figcaption><\/figure>\n","protected":false},"author":2,"featured_media":8070,"comment_status":"closed","ping_status":"closed","template":"","tags":[],"categoria_noticias":[],"class_list":["post-16496","noticias","type-noticias","status-publish","has-post-thumbnail","hentry"],"acf":[],"mb":[],"mfb_rest_fields":["title","gutenberg_elementor_mode"],"_links":{"self":[{"href":"https:\/\/portal.fgeo.gob.mx\/index.php\/wp-json\/wp\/v2\/noticias\/16496","targetHints":{"allow":["GET"]}}],"collection":[{"href":"https:\/\/portal.fgeo.gob.mx\/index.php\/wp-json\/wp\/v2\/noticias"}],"about":[{"href":"https:\/\/portal.fgeo.gob.mx\/index.php\/wp-json\/wp\/v2\/types\/noticias"}],"author":[{"embeddable":true,"href":"https:\/\/portal.fgeo.gob.mx\/index.php\/wp-json\/wp\/v2\/users\/2"}],"replies":[{"embeddable":true,"href":"https:\/\/portal.fgeo.gob.mx\/index.php\/wp-json\/wp\/v2\/comments?post=16496"}],"wp:featuredmedia":[{"embeddable":true,"href":"https:\/\/portal.fgeo.gob.mx\/index.php\/wp-json\/"}],"wp:attachment":[{"href":"https:\/\/portal.fgeo.gob.mx\/index.php\/wp-json\/wp\/v2\/media?parent=16496"}],"wp:term":[{"taxonomy":"post_tag","embeddable":true,"href":"https:\/\/portal.fgeo.gob.mx\/index.php\/wp-json\/wp\/v2\/tags?post=16496"},{"taxonomy":"categoria_noticias","embeddable":true,"href":"https:\/\/portal.fgeo.gob.mx\/index.php\/wp-json\/wp\/v2\/categoria_noticias?post=16496"}],"curies":[{"name":"wp","href":"https:\/\/api.w.org\/{rel}","templated":true}]}}