{"id":16492,"date":"2025-01-14T17:27:36","date_gmt":"2025-01-14T23:27:36","guid":{"rendered":"https:\/\/fge.oaxaca.gob.mx\/?post_type=noticias&amp;p=8061"},"modified":"2025-01-14T17:27:36","modified_gmt":"2025-01-14T23:27:36","slug":"boletin-1176-fiscalia-de-oaxaca-en-coordinacion-con-defensa-y-policia-estatal-fortalecen-operativos-de-busqueda-y-localizacion-en-la-costa-y-valles-centrales-por-seis-personas-reportadas-como-no-lo","status":"publish","type":"noticias","link":"https:\/\/portal.fgeo.gob.mx\/index.php\/archivos\/noticias\/boletin-1176-fiscalia-de-oaxaca-en-coordinacion-con-defensa-y-policia-estatal-fortalecen-operativos-de-busqueda-y-localizacion-en-la-costa-y-valles-centrales-por-seis-personas-reportadas-como-no-lo","title":{"rendered":"BOLET\u00cdN 1176.- Fiscal\u00eda de Oaxaca en coordinaci\u00f3n con DEFENSA y Polic\u00eda Estatal fortalecen operativos de b\u00fasqueda y localizaci\u00f3n en la Costa y Valles Centrales, por seis personas reportadas como No Localizadas"},"content":{"rendered":"<p><em>*\u00a0 _<\/em>Las investigaciones preliminares han permitido trazar rutas de b\u00fasqueda para dar con el paradero de las v\u00edctimas_<\/p>\n<p>&nbsp;<\/p>\n<p><strong>Oaxaca de Ju\u00e1rez, Oax. 14 de enero de 2025 .- <\/strong>La Fiscal\u00eda General del Estado de Oaxaca (FGEO) obtuvo datos relevantes en relaci\u00f3n al caso de seis personas reportadas como No Localizada en la regi\u00f3n de los Valles Centrales, por lo que se realizan operativos coordinados en la Costa, destino al que presumiblemente se dirig\u00edan las v\u00edctimas.<\/p>\n<p>En estos operativos de b\u00fasqueda encabezados por la FGEO, a trav\u00e9s de elementos de la Comandancia de Alto impacto adscrita a la Vicefiscal\u00eda Regional de la Costa, la Unidad Especializada en Combate al Secuestro (UECS) y de la Unidad de B\u00fasqueda de Personas No Localizadas (DNOL), se realizan trabajos en trecha colaboraci\u00f3n con la Secretar\u00eda de la Defensa Nacional (DEFENSA), Polic\u00eda Estatal y la polic\u00eda municipal de Santa Mar\u00eda Colotepec.<\/p>\n<p><img fetchpriority=\"high\" decoding=\"async\" class=\"alignnone size-medium wp-image-8062\" src=\"https:\/\/portal.fgeo.gob.mx\/wp-content\/uploads\/2025\/01\/Fiscal%C3%ADa-de-Oaxaca-en-coordinaci%C3%B3n-con-SEDENA-y-Polic%C3%ADa-Estatal-fortalecen-operativos-de-b%C3%BAsqueda-y-localizaci%C3%B3n-en-la-Costa-y-Valles-Centrales-por-seis-personas-reportadas-como-No-Localizadas2-300x225.jpeg\" alt=\"\" width=\"300\" height=\"225\" \/> <img decoding=\"async\" class=\"alignnone size-medium wp-image-8063\" src=\"https:\/\/portal.fgeo.gob.mx\/wp-content\/uploads\/2025\/01\/Fiscal%C3%ADa-de-Oaxaca-en-coordinaci%C3%B3n-con-SEDENA-y-Polic%C3%ADa-Estatal-fortalecen-operativos-de-b%C3%BAsqueda-y-localizaci%C3%B3n-en-la-Costa-y-Valles-Centrales-por-seis-personas-reportadas-como-No-Localizadas1-300x225.jpeg\" alt=\"\" width=\"300\" height=\"225\" \/><\/p>\n<p>En el municipio de Santa Mar\u00eda Colotepec se dise\u00f1\u00f3 una estrategia de b\u00fasqueda focalizada en diferentes partes de ese municipio y sus alrededores, para dar con el paradero de las seis personas, por lo que, en la carretera Costera 200, se estableci\u00f3 un puesto de control y revisi\u00f3n de unidades de motor con reporte de robo o alguna alteraci\u00f3n, en el cual se obtuvieron resultados ajenos a los casos pero consistentes en el aseguramiento de una persona por portaci\u00f3n de drogas y dinero en efectivo, as\u00ed como dos autom\u00f3viles y dos motocicletas, los cuales fueron puestos a disposici\u00f3n del agente de ministerio p\u00fablico correspondiente.<\/p>\n<p>El operativo coordinado se realiza en la regi\u00f3n de la Costa y Valles Centrales, durante el cual se distribuyeron fichas de b\u00fasqueda, a fin de ampliar las posibilidades de obtener datos e informaci\u00f3n que permitan conducir a la localizaci\u00f3n de las seis personas reportadas como No Localizadas.<\/p>\n<p><img decoding=\"async\" class=\"alignnone size-medium wp-image-8064\" src=\"https:\/\/portal.fgeo.gob.mx\/wp-content\/uploads\/2025\/01\/Fiscal%C3%ADa-de-Oaxaca-en-coordinaci%C3%B3n-con-SEDENA-y-Polic%C3%ADa-Estatal-fortalecen-operativos-de-b%C3%BAsqueda-y-localizaci%C3%B3n-en-la-Costa-y-Valles-Centrales-por-seis-personas-reportadas-como-No-Localizadas4-300x225.jpeg\" alt=\"\" width=\"300\" height=\"225\" \/> <img loading=\"lazy\" decoding=\"async\" class=\"alignnone size-medium wp-image-8065\" src=\"https:\/\/portal.fgeo.gob.mx\/wp-content\/uploads\/2025\/01\/Fiscal%C3%ADa-de-Oaxaca-en-coordinaci%C3%B3n-con-SEDENA-y-Polic%C3%ADa-Estatal-fortalecen-operativos-de-b%C3%BAsqueda-y-localizaci%C3%B3n-en-la-Costa-y-Valles-Centrales-por-seis-personas-reportadas-como-No-Localizadas3-300x225.jpeg\" alt=\"\" width=\"300\" height=\"225\" \/><\/p>\n<p>Al tener conocimiento, la FGEO activ\u00f3 de manera inmediata los protocolos de actuaci\u00f3n en la investigaci\u00f3n y b\u00fasqueda, a trav\u00e9s de la Unidad de B\u00fasqueda de Personas Desaparecidas y No Localizadas (DNOL), perteneciente a la Vicefiscal\u00eda General de Atenci\u00f3n a V\u00edctimas y la Sociedad consistentes en la realizaci\u00f3n de operativos interinstitucionales, as\u00ed como recorridos, apegados a los protocolos de b\u00fasqueda con la intervenci\u00f3n de equipos multidisciplinarios.<\/p>\n<p>De acuerdo con las denuncias (recibidas por los diferentes casos entre el 11 y el 13 de enero de 2025), familiares de las v\u00edctimas indicaron que fueron vistas por \u00faltima vez entre el 31 de diciembre de 2024 y el 7 de enero de 2025, en diferentes puntos de la regi\u00f3n de los Valles Centrales.<\/p>\n<p><img loading=\"lazy\" decoding=\"async\" class=\"alignnone size-medium wp-image-8066\" src=\"https:\/\/portal.fgeo.gob.mx\/wp-content\/uploads\/2025\/01\/Fiscal%C3%ADa-de-Oaxaca-en-coordinaci%C3%B3n-con-SEDENA-y-Polic%C3%ADa-Estatal-fortalecen-operativos-de-b%C3%BAsqueda-y-localizaci%C3%B3n-en-la-Costa-y-Valles-Centrales-por-seis-personas-reportadas-como-No-Localizadas6-300x225.jpeg\" alt=\"\" width=\"300\" height=\"225\" \/> <img loading=\"lazy\" decoding=\"async\" class=\"alignnone size-medium wp-image-8067\" src=\"https:\/\/portal.fgeo.gob.mx\/wp-content\/uploads\/2025\/01\/Fiscal%C3%ADa-de-Oaxaca-en-coordinaci%C3%B3n-con-SEDENA-y-Polic%C3%ADa-Estatal-fortalecen-operativos-de-b%C3%BAsqueda-y-localizaci%C3%B3n-en-la-Costa-y-Valles-Centrales-por-seis-personas-reportadas-como-No-Localizadas5-300x225.jpeg\" alt=\"\" width=\"300\" height=\"225\" \/><\/p>\n<p>La Fiscal\u00eda de Oaxaca aplica los protocolos de investigaci\u00f3n ante casos de personas No Localizadas en este tipo de casos, adem\u00e1s que realiza investigaci\u00f3n multidisciplinarias para integrar diferentes \u00e1reas hasta agotar los recursos ministeriales para dar con el paradero de las v\u00edctimas.<\/p>\n<p><img loading=\"lazy\" decoding=\"async\" class=\"alignnone size-medium wp-image-8068\" src=\"https:\/\/portal.fgeo.gob.mx\/wp-content\/uploads\/2025\/01\/Fiscal%C3%ADa-de-Oaxaca-en-coordinaci%C3%B3n-con-SEDENA-y-Polic%C3%ADa-Estatal-fortalecen-operativos-de-b%C3%BAsqueda-y-localizaci%C3%B3n-en-la-Costa-y-Valles-Centrales-por-seis-personas-reportadas-como-No-Localizadas7-300x225.jpeg\" alt=\"\" width=\"300\" height=\"225\" \/><\/p>\n","protected":false},"author":2,"featured_media":7997,"comment_status":"closed","ping_status":"closed","template":"","tags":[],"categoria_noticias":[],"class_list":["post-16492","noticias","type-noticias","status-publish","has-post-thumbnail","hentry"],"acf":[],"mb":[],"mfb_rest_fields":["title","gutenberg_elementor_mode"],"_links":{"self":[{"href":"https:\/\/portal.fgeo.gob.mx\/index.php\/wp-json\/wp\/v2\/noticias\/16492","targetHints":{"allow":["GET"]}}],"collection":[{"href":"https:\/\/portal.fgeo.gob.mx\/index.php\/wp-json\/wp\/v2\/noticias"}],"about":[{"href":"https:\/\/portal.fgeo.gob.mx\/index.php\/wp-json\/wp\/v2\/types\/noticias"}],"author":[{"embeddable":true,"href":"https:\/\/portal.fgeo.gob.mx\/index.php\/wp-json\/wp\/v2\/users\/2"}],"replies":[{"embeddable":true,"href":"https:\/\/portal.fgeo.gob.mx\/index.php\/wp-json\/wp\/v2\/comments?post=16492"}],"wp:featuredmedia":[{"embeddable":true,"href":"https:\/\/portal.fgeo.gob.mx\/index.php\/wp-json\/"}],"wp:attachment":[{"href":"https:\/\/portal.fgeo.gob.mx\/index.php\/wp-json\/wp\/v2\/media?parent=16492"}],"wp:term":[{"taxonomy":"post_tag","embeddable":true,"href":"https:\/\/portal.fgeo.gob.mx\/index.php\/wp-json\/wp\/v2\/tags?post=16492"},{"taxonomy":"categoria_noticias","embeddable":true,"href":"https:\/\/portal.fgeo.gob.mx\/index.php\/wp-json\/wp\/v2\/categoria_noticias?post=16492"}],"curies":[{"name":"wp","href":"https:\/\/api.w.org\/{rel}","templated":true}]}}