{"id":16491,"date":"2025-01-14T13:16:28","date_gmt":"2025-01-14T19:16:28","guid":{"rendered":"https:\/\/fge.oaxaca.gob.mx\/?post_type=noticias&amp;p=8058"},"modified":"2025-01-14T13:16:28","modified_gmt":"2025-01-14T19:16:28","slug":"boletin-1175-obtiene-fgeo-vinculacion-a-proceso-y-prision-contra-dos-imputados-por-robo-de-un-taxi-en-la-sierra-sur","status":"publish","type":"noticias","link":"https:\/\/portal.fgeo.gob.mx\/index.php\/archivos\/noticias\/boletin-1175-obtiene-fgeo-vinculacion-a-proceso-y-prision-contra-dos-imputados-por-robo-de-un-taxi-en-la-sierra-sur","title":{"rendered":"BOLET\u00cdN 1175.- Obtiene FGEO vinculaci\u00f3n a proceso y prisi\u00f3n contra dos imputados por robo de un taxi en la Sierra Sur"},"content":{"rendered":"<p>Oaxaca de Ju\u00e1rez a 14 de enero de 2025.- La Fiscal\u00eda General del Estado de Oaxaca (FGEO) obtuvo auto de Vinculaci\u00f3n a Proceso y prisi\u00f3n preventiva en contra de dos personas, una del sexo masculino identificada como U.C.G., y una mujer con iniciales S.R.A., por el delito de Robo de Espec\u00edfico de Veh\u00edculo de Motor en agravio de U.T.V.G., ocurrido en la regi\u00f3n de la Sierra Sur.<\/p>\n<p>De acuerdo con lo establecido en el expediente penal, los hechos ocurrieron el 25 de octubre de 2024, cuando la v\u00edctima quien laboraba como chofer de un taxi fue agredido a golpes y despojado de su unidad de motor.<\/p>\n<p>La investigaci\u00f3n revela, que los hechos ocurrieron luego de haber brindado un servicio de viaje con destino a la poblaci\u00f3n de La Tortolita, posteriormente el veh\u00edculo fue localizado en un paraje denominado \u201cPiedra de Agua\u201d de ese mismo municipio.<\/p>\n<p>Una vez reportado el robo, la Fiscal\u00eda de Oaxaca a trav\u00e9s de la Vicefiscal\u00eda Regional de la Mixteca despleg\u00f3 un equipo multidisciplinario para realizar las investigaciones preliminares, las cuales permitieron obtener una orden de aprehensi\u00f3n en contra de U.C.G., y S.R.A., quienes fueron llevados ante la autoridad que los requiri\u00f3 misma que, comunic\u00f3 la imputaci\u00f3n a los detenidos.<\/p>\n<p>Tras la audiencia celebrada, el Juez que atiende la causa valor\u00f3 las pruebas aportadas por la FGEO y derivado de ello, dict\u00f3 vinculaci\u00f3n a proceso por el delito de Robo Espec\u00edfico de Veh\u00edculo de Motor e impuso la media cautelar de prisi\u00f3n preventiva oficiosa otorgando un mes para el cierre de la investigaci\u00f3n completar\u00eda.<\/p>\n<p>En delitos de alto impacto, la Fiscal\u00eda General de Oaxaca realiza investigaciones exhaustivas para dar con quien o quienes resulten responsables, present\u00e1ndolos ante la justicia y aplicando todo el rigor de la Ley.<\/p>\n<p>&nbsp;<\/p>\n<p>&nbsp;<\/p>\n<p><img fetchpriority=\"high\" decoding=\"async\" class=\"alignnone size-medium wp-image-8059\" src=\"https:\/\/portal.fgeo.gob.mx\/wp-content\/uploads\/2025\/01\/IMAGEN-1.-BOLETIN-1175-225x300.png\" alt=\"\" width=\"225\" height=\"300\" \/>\u00a0 \u00a0 \u00a0 \u00a0 \u00a0<img decoding=\"async\" class=\"alignnone size-medium wp-image-8060\" src=\"https:\/\/portal.fgeo.gob.mx\/wp-content\/uploads\/2025\/01\/IMAGEN-2.-BOLETIN-1175-271x300.png\" alt=\"\" width=\"271\" height=\"300\" \/><\/p>\n<p>&nbsp;<\/p>\n","protected":false},"author":2,"featured_media":7997,"comment_status":"closed","ping_status":"closed","template":"","tags":[],"categoria_noticias":[],"class_list":["post-16491","noticias","type-noticias","status-publish","has-post-thumbnail","hentry"],"acf":[],"mb":[],"mfb_rest_fields":["title","gutenberg_elementor_mode"],"_links":{"self":[{"href":"https:\/\/portal.fgeo.gob.mx\/index.php\/wp-json\/wp\/v2\/noticias\/16491","targetHints":{"allow":["GET"]}}],"collection":[{"href":"https:\/\/portal.fgeo.gob.mx\/index.php\/wp-json\/wp\/v2\/noticias"}],"about":[{"href":"https:\/\/portal.fgeo.gob.mx\/index.php\/wp-json\/wp\/v2\/types\/noticias"}],"author":[{"embeddable":true,"href":"https:\/\/portal.fgeo.gob.mx\/index.php\/wp-json\/wp\/v2\/users\/2"}],"replies":[{"embeddable":true,"href":"https:\/\/portal.fgeo.gob.mx\/index.php\/wp-json\/wp\/v2\/comments?post=16491"}],"wp:featuredmedia":[{"embeddable":true,"href":"https:\/\/portal.fgeo.gob.mx\/index.php\/wp-json\/"}],"wp:attachment":[{"href":"https:\/\/portal.fgeo.gob.mx\/index.php\/wp-json\/wp\/v2\/media?parent=16491"}],"wp:term":[{"taxonomy":"post_tag","embeddable":true,"href":"https:\/\/portal.fgeo.gob.mx\/index.php\/wp-json\/wp\/v2\/tags?post=16491"},{"taxonomy":"categoria_noticias","embeddable":true,"href":"https:\/\/portal.fgeo.gob.mx\/index.php\/wp-json\/wp\/v2\/categoria_noticias?post=16491"}],"curies":[{"name":"wp","href":"https:\/\/api.w.org\/{rel}","templated":true}]}}