{"id":16490,"date":"2025-01-14T08:49:21","date_gmt":"2025-01-14T14:49:21","guid":{"rendered":"https:\/\/fge.oaxaca.gob.mx\/?post_type=noticias&amp;p=8052"},"modified":"2025-01-14T08:49:21","modified_gmt":"2025-01-14T14:49:21","slug":"boletin-1174-fiscalia-de-oaxaca-activa-protocolos-de-busqueda-y-localizacion-por-seis-personas-adultas-reportadas-como-no-localizadas-en-la-region-de-los-valles-centrales","status":"publish","type":"noticias","link":"https:\/\/portal.fgeo.gob.mx\/index.php\/archivos\/noticias\/boletin-1174-fiscalia-de-oaxaca-activa-protocolos-de-busqueda-y-localizacion-por-seis-personas-adultas-reportadas-como-no-localizadas-en-la-region-de-los-valles-centrales","title":{"rendered":"BOLET\u00cdN 1174.- Fiscal\u00eda de Oaxaca activa protocolos de b\u00fasqueda y localizaci\u00f3n por seis personas adultas reportadas como No Localizadas en la regi\u00f3n de los Valles Centrales"},"content":{"rendered":"<p>&nbsp;<\/p>\n<p><em>*Luego de recibir las denuncias, se presume que viajaban a la Costa, por lo que se desplegaron operativos de b\u00fasqueda simult\u00e1nea en distintos puntos de esa regi\u00f3n<\/em><\/p>\n<p><em>\u00a0<\/em><\/p>\n<p><strong>Oaxaca de Ju\u00e1rez a 13 de enero de 2025.-<\/strong>\u00a0La Fiscal\u00eda General del Estado de Oaxaca (FGEO) realiza acciones especializadas luego de recibir las denuncias por la No Localizaci\u00f3n de seis personas, quienes fueron vistas por \u00faltima vez entre el 31 de diciembre de 2024 y el 7 de enero de 2025, en diferentes puntos de la regi\u00f3n de los Valles Centrales.<\/p>\n<p>La Fiscal\u00eda General del Estado de Oaxaca (FGEO) recibi\u00f3 las denuncias por los diferentes caso entre el 11 y el 13 de enero de 2025, cuando los familiares de las v\u00edctimas acudieron ante la instituci\u00f3n que enseguida activ\u00f3 los protocolos de actuaci\u00f3n en la investigaci\u00f3n y b\u00fasqueda de personas desaparecidas y no localizadas, a trav\u00e9s de la Unidad de B\u00fasqueda de Personas Desaparecidas y No Localizadas (DNOL), perteneciente a la Vicefiscal\u00eda General de Atenci\u00f3n a V\u00edctimas y la Sociedad.<\/p>\n<p>Adem\u00e1s, a ra\u00edz de informaci\u00f3n recabada, la Fiscal\u00eda de Oaxaca implementa una estrategia de b\u00fasqueda focalizada en diferentes puntos de la regi\u00f3n de la Costa, esto a trav\u00e9s de la Vicefiscal\u00eda Regional, consistente en la realizaci\u00f3n de operativos interinstitucionales as\u00ed como recorridos, apegados a los protocolos de b\u00fasqueda con la intervenci\u00f3n de equipos multidisciplinarios.<\/p>\n<p>De acuerdo con las denuncias y la obtenci\u00f3n de los datos derivados de los resultados de las investigaciones iniciales, se estableci\u00f3 que las denuncias por los diferentes casos de personas no localizadas estar\u00edan relacionadas, sin embargo, fueron vistos por \u00faltima vez en distintos sitios.<\/p>\n<p>A partir de la declaraci\u00f3n de los familiares de las v\u00edctimas, la FGEO estableci\u00f3 que L.A.C.Z., fue visto por \u00faltima vez a bordo de una camioneta color negro, en el municipio de Santa Mar\u00eda Atzompa el 7 de enero; en tanto que, Y.J.B.M., fue visto por \u00faltima vez en esa misma fecha en la ciudad de\u00a0 Oaxaca de Ju\u00e1rez.<\/p>\n<p>Mientras que O.E.G.G.\u00a0 fue visto por \u00faltima vez el 06 de enero en la central de abastos de la ciudad de Oaxaca de Ju\u00e1rez; respecto a J.A.Q.G. fue visto por \u00faltima vez en San Mart\u00edn Mexicapan el 31 de diciembre de 2024.<\/p>\n<p>En tanto que la quinta denuncia que estar\u00eda relacionada, es por la No Localizaci\u00f3n de Y. M. M., visto por \u00faltima vez por sus familiares el 7 de enero de 2024, en la colonia Ejidal, de San Mart\u00edn Mexicapan. Sobre la sexta v\u00edctima, se recibi\u00f3 la denuncia por parte de la familia, aunque por un procedimiento legal en curso, la ficha a\u00fan no se ha hecho p\u00fablica.<\/p>\n<p>Ante ello, la Fiscal\u00eda de Oaxaca, a trav\u00e9s de las diferentes \u00e1reas especializadas, realiza los actos de investigaci\u00f3n e inteligencia criminal para conocer las rutas y sitios en que estuvieron las personas reportadas como No Localizadas, a fin de fortalecer las l\u00edneas de investigaci\u00f3n para su localizaci\u00f3n.<\/p>\n<p>En casos de la ausencia de personas, la Fiscal\u00eda General de Oaxaca lleva a cabo estudios de An\u00e1lisis y Contexto para tomar en cuenta todas las variables que ayudan a fortalecer las l\u00edneas de investigaci\u00f3n, agotando su capacidad Institucional para dar localizar a las v\u00edctimas.<\/p>\n<p><img fetchpriority=\"high\" decoding=\"async\" class=\"alignnone size-medium wp-image-8053\" src=\"https:\/\/portal.fgeo.gob.mx\/wp-content\/uploads\/2025\/01\/BOLET%C3%8DN-1174.-Fiscal%C3%ADa-de-Oaxaca-activa-protocolos-de-b%C3%BAsqueda-y-localizaci%C3%B3n-por-seis-personas-adultas-reportadas-como-No-Localizadas-en-la-regi%C3%B3n-de-los-Valles-Centrales1-182x300.jpeg\" alt=\"\" width=\"182\" height=\"300\" \/> <img decoding=\"async\" class=\"alignnone size-medium wp-image-8054\" src=\"https:\/\/portal.fgeo.gob.mx\/wp-content\/uploads\/2025\/01\/BOLET%C3%8DN-1174.-Fiscal%C3%ADa-de-Oaxaca-activa-protocolos-de-b%C3%BAsqueda-y-localizaci%C3%B3n-por-seis-personas-adultas-reportadas-como-No-Localizadas-en-la-regi%C3%B3n-de-los-Valles-Centrales2-182x300.jpeg\" alt=\"\" width=\"182\" height=\"300\" \/> <img decoding=\"async\" class=\"alignnone size-medium wp-image-8055\" src=\"https:\/\/portal.fgeo.gob.mx\/wp-content\/uploads\/2025\/01\/BOLET%C3%8DN-1174.-Fiscal%C3%ADa-de-Oaxaca-activa-protocolos-de-b%C3%BAsqueda-y-localizaci%C3%B3n-por-seis-personas-adultas-reportadas-como-No-Localizadas-en-la-regi%C3%B3n-de-los-Valles-Centrales3-182x300.jpeg\" alt=\"\" width=\"182\" height=\"300\" \/> <img loading=\"lazy\" decoding=\"async\" class=\"alignnone size-medium wp-image-8056\" src=\"https:\/\/portal.fgeo.gob.mx\/wp-content\/uploads\/2025\/01\/BOLET%C3%8DN-1174.-Fiscal%C3%ADa-de-Oaxaca-activa-protocolos-de-b%C3%BAsqueda-y-localizaci%C3%B3n-por-seis-personas-adultas-reportadas-como-No-Localizadas-en-la-regi%C3%B3n-de-los-Valles-Centrales4-182x300.jpeg\" alt=\"\" width=\"182\" height=\"300\" \/> <img loading=\"lazy\" decoding=\"async\" class=\"alignnone size-medium wp-image-8057\" src=\"https:\/\/portal.fgeo.gob.mx\/wp-content\/uploads\/2025\/01\/BOLET%C3%8DN-1174.-Fiscal%C3%ADa-de-Oaxaca-activa-protocolos-de-b%C3%BAsqueda-y-localizaci%C3%B3n-por-seis-personas-adultas-reportadas-como-No-Localizadas-en-la-regi%C3%B3n-de-los-Valles-Centrales5-196x300.jpeg\" alt=\"\" width=\"196\" height=\"300\" \/><\/p>\n","protected":false},"author":2,"featured_media":7997,"comment_status":"closed","ping_status":"closed","template":"","tags":[],"categoria_noticias":[],"class_list":["post-16490","noticias","type-noticias","status-publish","has-post-thumbnail","hentry"],"acf":[],"mb":[],"mfb_rest_fields":["title","gutenberg_elementor_mode"],"_links":{"self":[{"href":"https:\/\/portal.fgeo.gob.mx\/index.php\/wp-json\/wp\/v2\/noticias\/16490","targetHints":{"allow":["GET"]}}],"collection":[{"href":"https:\/\/portal.fgeo.gob.mx\/index.php\/wp-json\/wp\/v2\/noticias"}],"about":[{"href":"https:\/\/portal.fgeo.gob.mx\/index.php\/wp-json\/wp\/v2\/types\/noticias"}],"author":[{"embeddable":true,"href":"https:\/\/portal.fgeo.gob.mx\/index.php\/wp-json\/wp\/v2\/users\/2"}],"replies":[{"embeddable":true,"href":"https:\/\/portal.fgeo.gob.mx\/index.php\/wp-json\/wp\/v2\/comments?post=16490"}],"wp:featuredmedia":[{"embeddable":true,"href":"https:\/\/portal.fgeo.gob.mx\/index.php\/wp-json\/"}],"wp:attachment":[{"href":"https:\/\/portal.fgeo.gob.mx\/index.php\/wp-json\/wp\/v2\/media?parent=16490"}],"wp:term":[{"taxonomy":"post_tag","embeddable":true,"href":"https:\/\/portal.fgeo.gob.mx\/index.php\/wp-json\/wp\/v2\/tags?post=16490"},{"taxonomy":"categoria_noticias","embeddable":true,"href":"https:\/\/portal.fgeo.gob.mx\/index.php\/wp-json\/wp\/v2\/categoria_noticias?post=16490"}],"curies":[{"name":"wp","href":"https:\/\/api.w.org\/{rel}","templated":true}]}}