{"id":16485,"date":"2025-01-13T14:31:24","date_gmt":"2025-01-13T20:31:24","guid":{"rendered":"https:\/\/fge.oaxaca.gob.mx\/?post_type=noticias&amp;p=8036"},"modified":"2025-01-13T14:31:24","modified_gmt":"2025-01-13T20:31:24","slug":"boletin-1173-colabora-fgeo-en-conjunto-con-gobierno-del-estado-y-municipios-de-zona-metropolitana-de-oaxaca-en-estrategia-de-seguridad-y-atencion-al-fenomeno-delictivo","status":"publish","type":"noticias","link":"https:\/\/portal.fgeo.gob.mx\/index.php\/archivos\/noticias\/boletin-1173-colabora-fgeo-en-conjunto-con-gobierno-del-estado-y-municipios-de-zona-metropolitana-de-oaxaca-en-estrategia-de-seguridad-y-atencion-al-fenomeno-delictivo","title":{"rendered":"BOLET\u00cdN 1,173.- Colabora FGEO en conjunto con Gobierno del Estado y municipios de Zona Metropolitana de Oaxaca en estrategia de seguridad y atenci\u00f3n al fen\u00f3meno delictivo"},"content":{"rendered":"<p>* Busca disminuir incidencia delictiva por medio de acciones integrales de impacto directo con atenci\u00f3n a las causas en Oaxaca de Ju\u00e1rez, Santa Luc\u00eda del Camino y Santa Cruz Xoxocotl\u00e1n<\/p>\n<p>&nbsp;<\/p>\n<p>Oaxaca de Ju\u00e1rez a 13 de enero de 2025.- Al participar en el \u201cArranque del despliegue de seguridad y atenci\u00f3n a las causas de la zona metropolitana\u201d, el Fiscal General de Oaxaca, Bernardo Rodr\u00edguez Alamilla, detall\u00f3 que estas acciones interinstitucionales tienen el objetivo de tener un impacto directo en la disminuci\u00f3n de la incidencia delictiva en la zona metropolitana, la cual representa el 24.7 % de todos los delitos en la entidad.<\/p>\n<p>&nbsp;<\/p>\n<p>En este banderazo de las acciones encabezado por el Gobernador del Estado Salom\u00f3n Jara, as\u00ed como\u00a0 miembros del gabinete, el titular de la Fiscal\u00eda General del Estado de Oaxaca, Bernardo Rodr\u00edguez Alamilla, explic\u00f3 que atender la incidencia delictiva de los municipios de Oaxaca de Ju\u00e1rez, Santa Luc\u00eda del Camino y Santa Cruz Xoxocotl\u00e1n est\u00e1 entre las prioridades de la instituci\u00f3n, pues uno de cada cuatro delitos que se denuncian en la entidad ocurre en la zona metropolitana de los Valles Centrales, por ello, se articulan esfuerzos y acciones eficientes para atender las causas del problema.<\/p>\n<p>&nbsp;<\/p>\n<p>El Fiscal Bernardo Rodr\u00edguez puntualiz\u00f3 que, a trav\u00e9s de la estrategia se atender\u00e1n los 11 delitos m\u00e1s recurrentes en la zona metropolitana, por medio de acciones focalizadas de los cuerpos de seguridad, adem\u00e1s, al ser una estrategia integral esto se acompa\u00f1ar\u00e1 de intervenciones de diferentes instituciones estatales y municipales para atender las causas como el tema de infraestructura y se fortalecer\u00e1 a los municipios en materia de capacitaci\u00f3n y prevenci\u00f3n.<\/p>\n<p>&nbsp;<\/p>\n<p>Resalt\u00f3 que este programa incluir\u00e1 acciones espec\u00edficas en 119 colonias de los municipios de Santa Cruz Xoxocotl\u00e1n, Santa Luc\u00eda del Camino y Oaxaca de Ju\u00e1rez, entre las intervenciones est\u00e1 la instalaci\u00f3n de luminarias, vigilancia con drones, as\u00ed como la identificaci\u00f3n de personas y grupos generadores de violencia.<\/p>\n<p>&nbsp;<\/p>\n<p>Rodr\u00edguez Alamilla inform\u00f3 que la selecci\u00f3n de las colonias en las que se va a intervenir est\u00e1 definida en funci\u00f3n de los \u00edndices delictivos, as\u00ed como de los indicadores de rezago social, pues, hay una correlaci\u00f3n entre estos dos rubros, por ello se dise\u00f1\u00f3 una estrategia integral.<\/p>\n<p>&nbsp;<\/p>\n<p>Adem\u00e1s, se fortalecer\u00e1n los juzgados c\u00edvicos para que se brinde una atenci\u00f3n m\u00e1s eficiente, y la Fiscal\u00eda de Oaxaca tendr\u00e1 Agentes de Ministerios P\u00fablicos en estas sedes que atender\u00e1n los delitos en forma inmediata.<\/p>\n<p>&nbsp;<\/p>\n<p>El Fiscal General Bernardo Rodr\u00edguez indic\u00f3 que la estrategia para la zona metropolitana permitir\u00e1 mejorar la coordinaci\u00f3n y dar respuesta inmediata a los hechos delictivos, principalmente en materia de prevenci\u00f3n.<\/p>\n<p>&nbsp;<\/p>\n<p>La Fiscal\u00eda de Oaxaca reitera su compromiso de colaborar y trabajar de manera coordinada con los tres niveles de gobierno en acciones y procesos de procuraci\u00f3n de justicia que coadyuven a la disminuci\u00f3n de la incidencia delictiva en la entidad.<\/p>\n<p><img fetchpriority=\"high\" decoding=\"async\" class=\"alignnone size-medium wp-image-8045\" src=\"https:\/\/portal.fgeo.gob.mx\/wp-content\/uploads\/2025\/01\/WhatsApp-Image-2025-01-13-at-2.19.21-PM-3-300x200.jpeg\" alt=\"\" width=\"300\" height=\"200\" \/> <img decoding=\"async\" class=\"alignnone size-medium wp-image-8046\" src=\"https:\/\/portal.fgeo.gob.mx\/wp-content\/uploads\/2025\/01\/WhatsApp-Image-2025-01-13-at-2.19.21-PM-2-300x200.jpeg\" alt=\"\" width=\"300\" height=\"200\" \/> <img decoding=\"async\" class=\"alignnone size-medium wp-image-8047\" src=\"https:\/\/portal.fgeo.gob.mx\/wp-content\/uploads\/2025\/01\/WhatsApp-Image-2025-01-13-at-2.19.21-PM-1-300x200.jpeg\" alt=\"\" width=\"300\" height=\"200\" \/> <img loading=\"lazy\" decoding=\"async\" class=\"alignnone size-medium wp-image-8048\" src=\"https:\/\/portal.fgeo.gob.mx\/wp-content\/uploads\/2025\/01\/WhatsApp-Image-2025-01-13-at-2.19.21-PM-300x200.jpeg\" alt=\"\" width=\"300\" height=\"200\" \/> <img loading=\"lazy\" decoding=\"async\" class=\"alignnone size-medium wp-image-8049\" src=\"https:\/\/portal.fgeo.gob.mx\/wp-content\/uploads\/2025\/01\/WhatsApp-Image-2025-01-13-at-2.19.20-PM-2-300x200.jpeg\" alt=\"\" width=\"300\" height=\"200\" \/> <img loading=\"lazy\" decoding=\"async\" class=\"alignnone size-medium wp-image-8050\" src=\"https:\/\/portal.fgeo.gob.mx\/wp-content\/uploads\/2025\/01\/WhatsApp-Image-2025-01-13-at-2.19.20-PM-1-300x200.jpeg\" alt=\"\" width=\"300\" height=\"200\" \/> <img loading=\"lazy\" decoding=\"async\" class=\"alignnone size-medium wp-image-8051\" src=\"https:\/\/portal.fgeo.gob.mx\/wp-content\/uploads\/2025\/01\/WhatsApp-Image-2025-01-13-at-2.19.20-PM-300x200.jpeg\" alt=\"\" width=\"300\" height=\"200\" \/><\/p>\n","protected":false},"author":2,"featured_media":7997,"comment_status":"closed","ping_status":"closed","template":"","tags":[],"categoria_noticias":[],"class_list":["post-16485","noticias","type-noticias","status-publish","has-post-thumbnail","hentry"],"acf":[],"mb":[],"mfb_rest_fields":["title","gutenberg_elementor_mode"],"_links":{"self":[{"href":"https:\/\/portal.fgeo.gob.mx\/index.php\/wp-json\/wp\/v2\/noticias\/16485","targetHints":{"allow":["GET"]}}],"collection":[{"href":"https:\/\/portal.fgeo.gob.mx\/index.php\/wp-json\/wp\/v2\/noticias"}],"about":[{"href":"https:\/\/portal.fgeo.gob.mx\/index.php\/wp-json\/wp\/v2\/types\/noticias"}],"author":[{"embeddable":true,"href":"https:\/\/portal.fgeo.gob.mx\/index.php\/wp-json\/wp\/v2\/users\/2"}],"replies":[{"embeddable":true,"href":"https:\/\/portal.fgeo.gob.mx\/index.php\/wp-json\/wp\/v2\/comments?post=16485"}],"wp:featuredmedia":[{"embeddable":true,"href":"https:\/\/portal.fgeo.gob.mx\/index.php\/wp-json\/"}],"wp:attachment":[{"href":"https:\/\/portal.fgeo.gob.mx\/index.php\/wp-json\/wp\/v2\/media?parent=16485"}],"wp:term":[{"taxonomy":"post_tag","embeddable":true,"href":"https:\/\/portal.fgeo.gob.mx\/index.php\/wp-json\/wp\/v2\/tags?post=16485"},{"taxonomy":"categoria_noticias","embeddable":true,"href":"https:\/\/portal.fgeo.gob.mx\/index.php\/wp-json\/wp\/v2\/categoria_noticias?post=16485"}],"curies":[{"name":"wp","href":"https:\/\/api.w.org\/{rel}","templated":true}]}}