{"id":16482,"date":"2025-01-09T09:43:57","date_gmt":"2025-01-09T15:43:57","guid":{"rendered":"https:\/\/fge.oaxaca.gob.mx\/?post_type=noticias&amp;p=8020"},"modified":"2025-01-09T09:43:57","modified_gmt":"2025-01-09T15:43:57","slug":"boletin-1167-obtiene-fgeo-vinculacion-a-proceso-y-prision-contra-imputado-por-pederastia-cometida-en-la-region-de-la-mixteca","status":"publish","type":"noticias","link":"https:\/\/portal.fgeo.gob.mx\/index.php\/archivos\/noticias\/boletin-1167-obtiene-fgeo-vinculacion-a-proceso-y-prision-contra-imputado-por-pederastia-cometida-en-la-region-de-la-mixteca","title":{"rendered":"BOLET\u00cdN 1,167.- Obtiene FGEO vinculaci\u00f3n a proceso y prisi\u00f3n contra imputado por pederastia cometida en la regi\u00f3n de la Mixteca"},"content":{"rendered":"<p>&nbsp;<\/p>\n<p>Oaxaca de Ju\u00e1rez, Oax. 09 de enero de 2025.- Derivado del trabajo ministerial en materia de violencia sexual contra las infancias, la Fiscal\u00eda General del Estado de Oaxaca (FGEO) logr\u00f3 la vinculaci\u00f3n a proceso y prisi\u00f3n preventiva de una persona del sexo masculino originario de Honduras, identificado como O.A.U.M., por el delito de Pederastia, cometido en la regi\u00f3n de la Mixteca.<\/p>\n<p>De acuerdo con el expediente penal del caso, los hechos ocurrieron el 24 de noviembre de 2024, cuando la v\u00edctima (una menor de edad cuya identidad est\u00e1 reservada por ley) se encontraba en un domicilio ubicado en la Agencia Acatlima, perteneciente al municipio de Huajuapan de Le\u00f3n, lugar a donde ocurri\u00f3 la agresi\u00f3n.<\/p>\n<p>Al tener conocimiento del caso y recibir la denuncia correspondiente, la Fiscal\u00eda de Oaxaca inici\u00f3 las investigaciones a trav\u00e9s de la Vicefiscal\u00eda Regional de la Mixteca logrando obtener una orden de aprehensi\u00f3n contra O.A.U.M., para posteriormente presentarlo ante el Juez de la causa.<\/p>\n<p>Tras ser valorados los datos de prueba aportados por el Ministerio P\u00fablico, el Juez dict\u00f3 la vinculaci\u00f3n a proceso en contra de O.A.U.M., por el delito de Pederastia a quien adem\u00e1s impuso la medida de prisi\u00f3n preventiva y concedi\u00f3 dos meses para el cierre de la investigaci\u00f3n complementaria.<\/p>\n<p>La Fiscal\u00eda General del Estado de Oaxaca tiene como prioridad garantizar procesos de justicia eficientes en los casos de delitos cometidos en contra de ni\u00f1as, ni\u00f1os y adolescentes, a trav\u00e9s de investigaciones integrales y con perspectiva de infancia que logren garantizar el inter\u00e9s superior de la ni\u00f1ez.<\/p>\n<p><img fetchpriority=\"high\" decoding=\"async\" class=\"alignnone size-medium wp-image-8033\" src=\"https:\/\/portal.fgeo.gob.mx\/wp-content\/uploads\/2025\/01\/Dise%C3%B1o-sin-t%C3%ADtulo-4-292x300.jpg\" alt=\"\" width=\"292\" height=\"300\" \/><\/p>\n<p>&nbsp;<\/p>\n","protected":false},"author":2,"featured_media":7997,"comment_status":"closed","ping_status":"closed","template":"","tags":[],"categoria_noticias":[],"class_list":["post-16482","noticias","type-noticias","status-publish","has-post-thumbnail","hentry"],"acf":[],"mb":[],"mfb_rest_fields":["title","gutenberg_elementor_mode"],"_links":{"self":[{"href":"https:\/\/portal.fgeo.gob.mx\/index.php\/wp-json\/wp\/v2\/noticias\/16482","targetHints":{"allow":["GET"]}}],"collection":[{"href":"https:\/\/portal.fgeo.gob.mx\/index.php\/wp-json\/wp\/v2\/noticias"}],"about":[{"href":"https:\/\/portal.fgeo.gob.mx\/index.php\/wp-json\/wp\/v2\/types\/noticias"}],"author":[{"embeddable":true,"href":"https:\/\/portal.fgeo.gob.mx\/index.php\/wp-json\/wp\/v2\/users\/2"}],"replies":[{"embeddable":true,"href":"https:\/\/portal.fgeo.gob.mx\/index.php\/wp-json\/wp\/v2\/comments?post=16482"}],"wp:featuredmedia":[{"embeddable":true,"href":"https:\/\/portal.fgeo.gob.mx\/index.php\/wp-json\/"}],"wp:attachment":[{"href":"https:\/\/portal.fgeo.gob.mx\/index.php\/wp-json\/wp\/v2\/media?parent=16482"}],"wp:term":[{"taxonomy":"post_tag","embeddable":true,"href":"https:\/\/portal.fgeo.gob.mx\/index.php\/wp-json\/wp\/v2\/tags?post=16482"},{"taxonomy":"categoria_noticias","embeddable":true,"href":"https:\/\/portal.fgeo.gob.mx\/index.php\/wp-json\/wp\/v2\/categoria_noticias?post=16482"}],"curies":[{"name":"wp","href":"https:\/\/api.w.org\/{rel}","templated":true}]}}