{"id":16481,"date":"2025-01-07T13:30:38","date_gmt":"2025-01-07T19:30:38","guid":{"rendered":"https:\/\/fge.oaxaca.gob.mx\/?post_type=noticias&amp;p=8017"},"modified":"2025-01-07T13:30:38","modified_gmt":"2025-01-07T19:30:38","slug":"boletin-1164-obtiene-fgeo-vinculacion-a-proceso-contra-imputado-por-el-delito-de-corrupcion-de-menores-cometido-en-la-sierra-de-flores-magon","status":"publish","type":"noticias","link":"https:\/\/portal.fgeo.gob.mx\/index.php\/archivos\/noticias\/boletin-1164-obtiene-fgeo-vinculacion-a-proceso-contra-imputado-por-el-delito-de-corrupcion-de-menores-cometido-en-la-sierra-de-flores-magon","title":{"rendered":"BOLET\u00cdN 1,164.- Obtiene FGEO vinculaci\u00f3n a proceso contra imputado por el delito de corrupci\u00f3n de menores cometido en la Sierra de Flores Mag\u00f3n"},"content":{"rendered":"<p>Oaxaca de Ju\u00e1rez, Oax. 07 de enero de 2025.- Como parte de la estrategia de combate a los delitos cometidos en contra de ni\u00f1as, ni\u00f1os, adolescentes y mujeres, la Fiscal\u00eda General del Estado de Oaxaca (FGEO) obtuvo auto de vinculaci\u00f3n a proceso en contra de una persona del sexo masculino identificado como J.C.H.O., por el delito de Corrupci\u00f3n de Menores cometido en perjuicio de una adolescente en la Sierra de Flores Mag\u00f3n.<\/p>\n<p>&nbsp;<\/p>\n<p>De acuerdo con el expediente penal del caso, los hechos ocurrieron el 19 de noviembre de 2023, cuando la v\u00edctima (una adolescente cuya identidad es reservada por ley) se encontraba en inmediaciones de las comunidades de San Antonio Nopalera y Santiago El Mirador Mazatl\u00e1n Villa de Flores, lugar donde se acerc\u00f3 el agresor y agredi\u00f3 a la v\u00edctima.<\/p>\n<p>&nbsp;<\/p>\n<p>Derivado de la denuncia, la FGEO tom\u00f3 conocimiento del caso e inici\u00f3 las investigaciones correspondientes a trav\u00e9s de la Vicefiscal\u00eda General de Control Regional, las cuales permitieron aprehender al imputado y llevarlo ante la autoridad que lo requiri\u00f3.<\/p>\n<p>&nbsp;<\/p>\n<p>Gracias a los resultados de las investigaciones ministeriales que aport\u00f3 la FGEO, el Juez tuvo los elementos jur\u00eddicos suficientes para vincular a proceso a J.C.H.O., por el delito de Corrupci\u00f3n de Menores en agravio de una adolescente, adem\u00e1s de imponer la respectiva medida cautelar y otorgar un plazo de tres meses para el cierre de la investigaci\u00f3n complementaria.<\/p>\n<p>&nbsp;<\/p>\n<p>La Fiscal\u00eda de Oaxaca tiene entre sus ejes rectores garantizar una vida libre de violencia para ni\u00f1as, ni\u00f1os y adolescentes, a trav\u00e9s de los mecanismos de procuraci\u00f3n de justicia que est\u00e1n a cargo de \u00e1reas especializadas y bien capacitadas para este tipo de labores.<\/p>\n","protected":false},"author":2,"featured_media":7997,"comment_status":"closed","ping_status":"closed","template":"","tags":[],"categoria_noticias":[],"class_list":["post-16481","noticias","type-noticias","status-publish","has-post-thumbnail","hentry"],"acf":[],"mb":[],"mfb_rest_fields":["title","gutenberg_elementor_mode"],"_links":{"self":[{"href":"https:\/\/portal.fgeo.gob.mx\/index.php\/wp-json\/wp\/v2\/noticias\/16481","targetHints":{"allow":["GET"]}}],"collection":[{"href":"https:\/\/portal.fgeo.gob.mx\/index.php\/wp-json\/wp\/v2\/noticias"}],"about":[{"href":"https:\/\/portal.fgeo.gob.mx\/index.php\/wp-json\/wp\/v2\/types\/noticias"}],"author":[{"embeddable":true,"href":"https:\/\/portal.fgeo.gob.mx\/index.php\/wp-json\/wp\/v2\/users\/2"}],"replies":[{"embeddable":true,"href":"https:\/\/portal.fgeo.gob.mx\/index.php\/wp-json\/wp\/v2\/comments?post=16481"}],"wp:featuredmedia":[{"embeddable":true,"href":"https:\/\/portal.fgeo.gob.mx\/index.php\/wp-json\/"}],"wp:attachment":[{"href":"https:\/\/portal.fgeo.gob.mx\/index.php\/wp-json\/wp\/v2\/media?parent=16481"}],"wp:term":[{"taxonomy":"post_tag","embeddable":true,"href":"https:\/\/portal.fgeo.gob.mx\/index.php\/wp-json\/wp\/v2\/tags?post=16481"},{"taxonomy":"categoria_noticias","embeddable":true,"href":"https:\/\/portal.fgeo.gob.mx\/index.php\/wp-json\/wp\/v2\/categoria_noticias?post=16481"}],"curies":[{"name":"wp","href":"https:\/\/api.w.org\/{rel}","templated":true}]}}