{"id":16480,"date":"2025-01-07T10:55:51","date_gmt":"2025-01-07T16:55:51","guid":{"rendered":"https:\/\/fge.oaxaca.gob.mx\/?post_type=noticias&amp;p=8014"},"modified":"2025-01-07T10:55:51","modified_gmt":"2025-01-07T16:55:51","slug":"boletin-1163-logra-fiscalia-de-oaxaca-vinculacion-a-proceso-contra-dos-personas-por-secuestro-cometido-en-la-region-del-istmo","status":"publish","type":"noticias","link":"https:\/\/portal.fgeo.gob.mx\/index.php\/archivos\/noticias\/boletin-1163-logra-fiscalia-de-oaxaca-vinculacion-a-proceso-contra-dos-personas-por-secuestro-cometido-en-la-region-del-istmo","title":{"rendered":"BOLET\u00cdN 1,163.- Logra Fiscal\u00eda de Oaxaca vinculaci\u00f3n a proceso contra dos personas por secuestro cometido en la regi\u00f3n del Istmo"},"content":{"rendered":"<p>&nbsp;<\/p>\n<p>Oaxaca de Ju\u00e1rez, Oax. 07 de enero de 2025.- La Fiscal\u00eda General del Estado de Oaxaca (FGEO) obtuvo auto de vinculaci\u00f3n a proceso y prisi\u00f3n en contra de dos personas del sexo masculino identificadas como A.L.M. y A.M.M., por el delito de secuestro agravado en contra de M.A.R.O., cometido en la regi\u00f3n del Istmo de Tehuantepec.<\/p>\n<p>&nbsp;<\/p>\n<p>De acuerdo con el expediente penal del caso, la vinculaci\u00f3n a proceso deriva por los hechos ocurridos el d\u00eda 19 de diciembre de 2024, cuando la v\u00edctima transitaba con destino al municipio de Juchit\u00e1n de Zaragoza, momento en el que fue privado de la libertad por un grupo de personas armadas que posteriormente se puso en contacto con familiares de la v\u00edctima para solicitar el pago de un rescate para su liberaci\u00f3n.<\/p>\n<p>&nbsp;<\/p>\n<p>La investigaci\u00f3n ministerial revela que el 18 de diciembre, la v\u00edctima viaj\u00f3 de la ciudad de M\u00e9xico a bordo de un veh\u00edculo de motor con destino a Oaxaca, a la regi\u00f3n del Istmo.<\/p>\n<p>&nbsp;<\/p>\n<p>Una vez que la FGEO tom\u00f3 conocimiento del caso, inici\u00f3 los trabajos de inteligencia criminal y a trav\u00e9s de la Fiscal\u00eda Especializada para la Atenci\u00f3n a Delitos de Alto Impacto, activ\u00f3 a la Unidad Especializada de Combate al Secuestro (UECS), con la cual logr\u00f3 establecer el paradero de los imputados por lo que se despleg\u00f3 un operativo estrat\u00e9gico que permiti\u00f3 la detenci\u00f3n de A.L.M y A.M.M, quienes quedaron a disposici\u00f3n del agente del Ministerio P\u00fablico que logr\u00f3 la formulaci\u00f3n de imputaci\u00f3n.<\/p>\n<p>&nbsp;<\/p>\n<p>En audiencia y tras la valoraci\u00f3n de pruebas aportadas por la FGEO, el Juez de la causa dict\u00f3 auto de vinculaci\u00f3n a proceso en contra de A.L.M y A.M.M, por el delito de secuestro agravado, adem\u00e1s de imponerles la medida cautelar de prisi\u00f3n preventiva oficiosa y otorgarles tres meses para el cierre de la investigaci\u00f3n complementaria.<\/p>\n<p>&nbsp;<\/p>\n<p>Los trabajos de combate al secuestro que realiza la Fiscal\u00eda de Oaxaca se efect\u00faan en estricto apego a los protocolos de actuaci\u00f3n en la materia para dar certeza a las v\u00edctimas directas e indirectas, para que tengan pleno acceso a la justicia.<\/p>\n<p><img fetchpriority=\"high\" decoding=\"async\" class=\"alignnone size-medium wp-image-8015\" src=\"https:\/\/portal.fgeo.gob.mx\/wp-content\/uploads\/2025\/01\/WhatsApp-Image-2025-01-07-at-10.48.52-AM-1-225x300.jpeg\" alt=\"\" width=\"225\" height=\"300\" \/> <img decoding=\"async\" class=\"alignnone size-medium wp-image-8016\" src=\"https:\/\/portal.fgeo.gob.mx\/wp-content\/uploads\/2025\/01\/WhatsApp-Image-2025-01-07-at-10.48.52-AM-300x225.jpeg\" alt=\"\" width=\"300\" height=\"225\" \/><\/p>\n","protected":false},"author":2,"featured_media":7997,"comment_status":"closed","ping_status":"closed","template":"","tags":[],"categoria_noticias":[],"class_list":["post-16480","noticias","type-noticias","status-publish","has-post-thumbnail","hentry"],"acf":[],"mb":[],"mfb_rest_fields":["title","gutenberg_elementor_mode"],"_links":{"self":[{"href":"https:\/\/portal.fgeo.gob.mx\/index.php\/wp-json\/wp\/v2\/noticias\/16480","targetHints":{"allow":["GET"]}}],"collection":[{"href":"https:\/\/portal.fgeo.gob.mx\/index.php\/wp-json\/wp\/v2\/noticias"}],"about":[{"href":"https:\/\/portal.fgeo.gob.mx\/index.php\/wp-json\/wp\/v2\/types\/noticias"}],"author":[{"embeddable":true,"href":"https:\/\/portal.fgeo.gob.mx\/index.php\/wp-json\/wp\/v2\/users\/2"}],"replies":[{"embeddable":true,"href":"https:\/\/portal.fgeo.gob.mx\/index.php\/wp-json\/wp\/v2\/comments?post=16480"}],"wp:featuredmedia":[{"embeddable":true,"href":"https:\/\/portal.fgeo.gob.mx\/index.php\/wp-json\/"}],"wp:attachment":[{"href":"https:\/\/portal.fgeo.gob.mx\/index.php\/wp-json\/wp\/v2\/media?parent=16480"}],"wp:term":[{"taxonomy":"post_tag","embeddable":true,"href":"https:\/\/portal.fgeo.gob.mx\/index.php\/wp-json\/wp\/v2\/tags?post=16480"},{"taxonomy":"categoria_noticias","embeddable":true,"href":"https:\/\/portal.fgeo.gob.mx\/index.php\/wp-json\/wp\/v2\/categoria_noticias?post=16480"}],"curies":[{"name":"wp","href":"https:\/\/api.w.org\/{rel}","templated":true}]}}