{"id":16479,"date":"2025-01-06T13:02:31","date_gmt":"2025-01-06T19:02:31","guid":{"rendered":"https:\/\/fge.oaxaca.gob.mx\/?post_type=noticias&amp;p=8012"},"modified":"2025-01-06T13:02:31","modified_gmt":"2025-01-06T19:02:31","slug":"boletin-1162-obtiene-fiscalia-de-oaxaca-vinculacion-a-proceso-y-prision-preventiva-contra-imputado-por-el-delito-de-pederastia-cometido-en-la-sierra-de-flores-magon","status":"publish","type":"noticias","link":"https:\/\/portal.fgeo.gob.mx\/index.php\/archivos\/noticias\/boletin-1162-obtiene-fiscalia-de-oaxaca-vinculacion-a-proceso-y-prision-preventiva-contra-imputado-por-el-delito-de-pederastia-cometido-en-la-sierra-de-flores-magon","title":{"rendered":"BOLET\u00cdN 1,162.- Obtiene Fiscal\u00eda de Oaxaca vinculaci\u00f3n a proceso y prisi\u00f3n preventiva contra imputado por el delito de pederastia cometido en la Sierra de Flores Mag\u00f3n"},"content":{"rendered":"<p>Oaxaca de Ju\u00e1rez, Oax. 06 de enero de 2025.- Como resultado de las investigaciones enfocadas en garantizar los derechos a una vida libre de violencia de ni\u00f1as, ni\u00f1os y adolescentes, la Fiscal\u00eda General del Estado de Oaxaca (FGEO) obtuvo vinculaci\u00f3n a proceso y prisi\u00f3n preventiva en contra de un hombre identificado como H.G.M., por el delito de Pederastia, hechos ocurridos en la regi\u00f3n de la Sierra de Flores Mag\u00f3n.<\/p>\n<p>De acuerdo con la denuncia asentada en el expediente penal del caso, los hechos ocurrieron el 6 de septiembre de 2024, cuando la v\u00edctima (una ni\u00f1a, cuya identidad est\u00e1 reservada por ley) se encontraba en un terreno ubicado en la agencia municipal de Santa Mar\u00eda Guadalupe perteneciente al municipio de Santa Mar\u00eda Chilchotla, lugar donde fue agredida.<\/p>\n<p>Luego de recibir la denuncia y gracias a los trabajos de procuraci\u00f3n de justicia realizados por la FGEO se logr\u00f3 la obtenci\u00f3n de una orden de aprehensi\u00f3n en contra de H.G.M., quien luego de su detenci\u00f3n fue presentado ante las autoridades correspondientes para determinar su situaci\u00f3n jur\u00eddica.<\/p>\n<p>Tras el desahogo de pruebas aportadas por el Ministerio P\u00fablico, el Juez de la causa encontr\u00f3 elementos suficientes para vincular a proceso a H.G.M., por el delito de Violaci\u00f3n Agravada, adem\u00e1s que impuso la medida cautelar de prisi\u00f3n preventiva justificada y otorg\u00f3 tres meses para el cierre de la investigaci\u00f3n complementaria.<\/p>\n<p>La Fiscal\u00eda de Oaxaca garantiza justicia plena a v\u00edctimas de delitos sexuales, realizando investigaciones exhaustivas y aplicando todo el rigor de la Ley a quienes resulten responsables.<\/p>\n<p><img fetchpriority=\"high\" decoding=\"async\" class=\"alignnone size-medium wp-image-8013\" src=\"https:\/\/portal.fgeo.gob.mx\/wp-content\/uploads\/2025\/01\/FOTO-1-300x270.jpeg\" alt=\"\" width=\"300\" height=\"270\" \/><\/p>\n","protected":false},"author":2,"featured_media":7997,"comment_status":"closed","ping_status":"closed","template":"","tags":[],"categoria_noticias":[],"class_list":["post-16479","noticias","type-noticias","status-publish","has-post-thumbnail","hentry"],"acf":[],"mb":[],"mfb_rest_fields":["title","gutenberg_elementor_mode"],"_links":{"self":[{"href":"https:\/\/portal.fgeo.gob.mx\/index.php\/wp-json\/wp\/v2\/noticias\/16479","targetHints":{"allow":["GET"]}}],"collection":[{"href":"https:\/\/portal.fgeo.gob.mx\/index.php\/wp-json\/wp\/v2\/noticias"}],"about":[{"href":"https:\/\/portal.fgeo.gob.mx\/index.php\/wp-json\/wp\/v2\/types\/noticias"}],"author":[{"embeddable":true,"href":"https:\/\/portal.fgeo.gob.mx\/index.php\/wp-json\/wp\/v2\/users\/2"}],"replies":[{"embeddable":true,"href":"https:\/\/portal.fgeo.gob.mx\/index.php\/wp-json\/wp\/v2\/comments?post=16479"}],"wp:featuredmedia":[{"embeddable":true,"href":"https:\/\/portal.fgeo.gob.mx\/index.php\/wp-json\/"}],"wp:attachment":[{"href":"https:\/\/portal.fgeo.gob.mx\/index.php\/wp-json\/wp\/v2\/media?parent=16479"}],"wp:term":[{"taxonomy":"post_tag","embeddable":true,"href":"https:\/\/portal.fgeo.gob.mx\/index.php\/wp-json\/wp\/v2\/tags?post=16479"},{"taxonomy":"categoria_noticias","embeddable":true,"href":"https:\/\/portal.fgeo.gob.mx\/index.php\/wp-json\/wp\/v2\/categoria_noticias?post=16479"}],"curies":[{"name":"wp","href":"https:\/\/api.w.org\/{rel}","templated":true}]}}