{"id":16478,"date":"2025-01-06T11:02:14","date_gmt":"2025-01-06T17:02:14","guid":{"rendered":"https:\/\/fge.oaxaca.gob.mx\/?post_type=noticias&amp;p=8010"},"modified":"2025-01-06T11:02:14","modified_gmt":"2025-01-06T17:02:14","slug":"boletin-1161-fiscalia-de-oaxaca-en-colaboracion-con-la-policia-de-investigacion-de-la-ciudad-de-mexico-localizan-y-resguardan-a-adolescente-reportada-como-no-localizada","status":"publish","type":"noticias","link":"https:\/\/portal.fgeo.gob.mx\/index.php\/archivos\/noticias\/boletin-1161-fiscalia-de-oaxaca-en-colaboracion-con-la-policia-de-investigacion-de-la-ciudad-de-mexico-localizan-y-resguardan-a-adolescente-reportada-como-no-localizada","title":{"rendered":"BOLET\u00cdN 1,161.- Fiscal\u00eda de Oaxaca en colaboraci\u00f3n con la Polic\u00eda de Investigaci\u00f3n de la ciudad de M\u00e9xico, localizan y resguardan a adolescente reportada como No Localizada"},"content":{"rendered":"<p>* La denuncia oportuna de la familia y aplicaci\u00f3n inmediata de protocolos permitieron su localizaci\u00f3n en menos de 24 horas<\/p>\n<p>Oaxaca de Ju\u00e1rez, Oax. 06 de enero de 2025.- La aplicaci\u00f3n inmediata de protocolos de investigaci\u00f3n y b\u00fasqueda que realizan las \u00e1reas especializadas en personas no localizadas de la Fiscal\u00eda General del Estado de Oaxaca (FGEO), as\u00ed como la estrecha colaboraci\u00f3n interinstitucional, hicieron posible la localizaci\u00f3n de la adolescente C.M.R., quien estaba reportada como No Localizada.<\/p>\n<p>Los hechos ocurrieron el 05 de enero de 2025, cuando la menor de edad fue vista por \u00faltima vez en su domicilio, ubicado en el municipio de Huajuapan de Le\u00f3n, en la regi\u00f3n de la Mixteca.<\/p>\n<p>Ante la situaci\u00f3n, la familia acudi\u00f3 inmediatamente ante la FGEO para poner la denuncia, por lo que se activaron los protocolos de actuaci\u00f3n en la investigaci\u00f3n y b\u00fasqueda de personas desaparecidas y no localizadas, por parte de la Vicefiscal\u00eda Regional de la Mixteca y la Unidad de B\u00fasqueda de Personas No Localizadas, de la Vicefiscal\u00eda General de Atenci\u00f3n a V\u00edctimas y a la Sociedad.<\/p>\n<p>Derivado de los primeros resultados en la investigaci\u00f3n en torno al caso, se estableci\u00f3 que la adolescente viajaba a bordo de una Urban con destino a la Ciudad de M\u00e9xico, por lo cual se solicit\u00f3 la colaboraci\u00f3n y apoyo directo con personal de la Polic\u00eda de Investigaci\u00f3n de la Ciudad de M\u00e9xico y de la Polic\u00eda de la Secretar\u00eda de Protecci\u00f3n Ciudadana, logrando dar con su paradero en menos de 24 horas despu\u00e9s de recibir la denuncia por su No Localizaci\u00f3n.<\/p>\n<p>La Instituci\u00f3n procuradora de justicia detall\u00f3 que la adolescente fue localizada por dichas corporaciones de seguridad, quienes realizaron su resguardo cuando la v\u00edctima lleg\u00f3 a la ciudad de M\u00e9xico.<\/p>\n<p>Tras dar con el paradero y realizar el resguardo de la adolescente, la Fiscal\u00eda Especializada para la Investigaci\u00f3n, Persecuci\u00f3n de los Delitos en Materia de Desaparici\u00f3n Forzada de Personas y la Desaparici\u00f3n cometida por Particulares y B\u00fasqueda de Personas Desaparecidas, de la Ciudad de M\u00e9xico puso bajo resguardo a la adolescente, adem\u00e1s que se iniciaron los tr\u00e1mites para la restituci\u00f3n con su familia.<\/p>\n<p>En casos de la ausencia de personas, la Fiscal\u00eda General de Oaxaca toma en cuenta todas las l\u00edneas de investigaci\u00f3n tras hacer un an\u00e1lisis de las circunstancias en que suceden los hechos, agotando su capacidad Institucional para dar con su paradero.<\/p>\n<p><img fetchpriority=\"high\" decoding=\"async\" class=\"alignnone size-medium wp-image-8011\" src=\"https:\/\/portal.fgeo.gob.mx\/wp-content\/uploads\/2025\/01\/WhatsApp-Image-2025-01-06-at-7.57.42-AM-182x300.jpeg\" alt=\"\" width=\"182\" height=\"300\" \/><\/p>\n","protected":false},"author":2,"featured_media":7997,"comment_status":"closed","ping_status":"closed","template":"","tags":[],"categoria_noticias":[],"class_list":["post-16478","noticias","type-noticias","status-publish","has-post-thumbnail","hentry"],"acf":[],"mb":[],"mfb_rest_fields":["title","gutenberg_elementor_mode"],"_links":{"self":[{"href":"https:\/\/portal.fgeo.gob.mx\/index.php\/wp-json\/wp\/v2\/noticias\/16478","targetHints":{"allow":["GET"]}}],"collection":[{"href":"https:\/\/portal.fgeo.gob.mx\/index.php\/wp-json\/wp\/v2\/noticias"}],"about":[{"href":"https:\/\/portal.fgeo.gob.mx\/index.php\/wp-json\/wp\/v2\/types\/noticias"}],"author":[{"embeddable":true,"href":"https:\/\/portal.fgeo.gob.mx\/index.php\/wp-json\/wp\/v2\/users\/2"}],"replies":[{"embeddable":true,"href":"https:\/\/portal.fgeo.gob.mx\/index.php\/wp-json\/wp\/v2\/comments?post=16478"}],"wp:featuredmedia":[{"embeddable":true,"href":"https:\/\/portal.fgeo.gob.mx\/index.php\/wp-json\/"}],"wp:attachment":[{"href":"https:\/\/portal.fgeo.gob.mx\/index.php\/wp-json\/wp\/v2\/media?parent=16478"}],"wp:term":[{"taxonomy":"post_tag","embeddable":true,"href":"https:\/\/portal.fgeo.gob.mx\/index.php\/wp-json\/wp\/v2\/tags?post=16478"},{"taxonomy":"categoria_noticias","embeddable":true,"href":"https:\/\/portal.fgeo.gob.mx\/index.php\/wp-json\/wp\/v2\/categoria_noticias?post=16478"}],"curies":[{"name":"wp","href":"https:\/\/api.w.org\/{rel}","templated":true}]}}