{"id":16477,"date":"2025-01-06T09:48:22","date_gmt":"2025-01-06T15:48:22","guid":{"rendered":"https:\/\/fge.oaxaca.gob.mx\/?post_type=noticias&amp;p=8008"},"modified":"2025-01-06T09:48:22","modified_gmt":"2025-01-06T15:48:22","slug":"boletin-1-160-fgeo-obtiene-vinculacion-a-proceso-de-imputado-por-homicidio-cometido-durante-una-agresion-en-cuilapam","status":"publish","type":"noticias","link":"https:\/\/portal.fgeo.gob.mx\/index.php\/archivos\/noticias\/boletin-1-160-fgeo-obtiene-vinculacion-a-proceso-de-imputado-por-homicidio-cometido-durante-una-agresion-en-cuilapam","title":{"rendered":"BOLET\u00cdN 1 160.- FGEO obtiene vinculaci\u00f3n a proceso de imputado por homicidio cometido durante una agresi\u00f3n en Cuil\u00e1pam"},"content":{"rendered":"<p><strong>Oaxaca de Ju\u00e1rez, Oax. 06 de enero de 2025.-<\/strong> La Fiscal\u00eda General del Estado de Oaxaca (FGEO) obtuvo la vinculaci\u00f3n a proceso de una persona del sexo masculino identificada con las iniciales R.R.R., por el delito de homicidio calificado cometido en el municipio de Cuil\u00e1pam de Guerrero en la regi\u00f3n de Valles Centrales.<\/p>\n<p>De acuerdo con el expediente penal del caso, los hechos ocurrieron durante la noche del pasado 28 de diciembre de 2024, sobre el boulevard Escuela M\u00e9dico Militar del municipio de Cuil\u00e1pam de Guerrero, donde varias personas agredieron a la v\u00edctima identificada como C. D. C. P., quien perdi\u00f3 la vida a consecuencia de las lesiones, hechos que quedaron registrados en diferentes videos que se publicaron en diversos medios y redes sociales.<\/p>\n<p>La Fiscal\u00eda de Oaxaca desde que tuvo conocimiento de los hechos inici\u00f3 las investigaciones correspondientes, las cuales est\u00e1n a cargo de la Fiscal\u00eda Especializada para la Atenci\u00f3n a Delitos de Alto Impacto, y como resultado de las indagatorias preliminares y multidisciplinarias se logr\u00f3 la obtenci\u00f3n y ejecuci\u00f3n de la orden de aprehensi\u00f3n en contra de R.R.R.<\/p>\n<p>Ante las pruebas presentadas por la FGEO, el Juez que atiende la causa determin\u00f3 la vinculaci\u00f3n a proceso de R.R.R., a quien impuso la medida cautelar de prisi\u00f3n preventiva, adem\u00e1s otorg\u00f3 tres meses para el cierre de la investigaci\u00f3n complementaria,<\/p>\n<p>La Fiscal\u00eda General del Estado de Oaxaca est\u00e1 comprometida con la realizaci\u00f3n para establecer l\u00edneas de investigaci\u00f3n s\u00f3lidas que permitan dar con quien o quienes resulten responsables de los delitos, y con ello, garantizar procesos de procuraci\u00f3n de justicia adecuados para las v\u00edctimas directas e indirectas.<\/p>\n<p><img fetchpriority=\"high\" decoding=\"async\" class=\"alignnone size-medium wp-image-8009\" src=\"https:\/\/portal.fgeo.gob.mx\/wp-content\/uploads\/2025\/01\/BOLET%C3%8DN-1-160.-FGEO-obtiene-vinculaci%C3%B3n-a-proceso-de-imputado-por-homicidio-cometido-durante-una-agresi%C3%B3n-en-Cuil%C3%A1pam-300x233.jpeg\" alt=\"\" width=\"300\" height=\"233\" \/><\/p>\n<p>&nbsp;<\/p>\n","protected":false},"author":2,"featured_media":7997,"comment_status":"closed","ping_status":"closed","template":"","tags":[],"categoria_noticias":[],"class_list":["post-16477","noticias","type-noticias","status-publish","has-post-thumbnail","hentry"],"acf":[],"mb":[],"mfb_rest_fields":["title","gutenberg_elementor_mode"],"_links":{"self":[{"href":"https:\/\/portal.fgeo.gob.mx\/index.php\/wp-json\/wp\/v2\/noticias\/16477","targetHints":{"allow":["GET"]}}],"collection":[{"href":"https:\/\/portal.fgeo.gob.mx\/index.php\/wp-json\/wp\/v2\/noticias"}],"about":[{"href":"https:\/\/portal.fgeo.gob.mx\/index.php\/wp-json\/wp\/v2\/types\/noticias"}],"author":[{"embeddable":true,"href":"https:\/\/portal.fgeo.gob.mx\/index.php\/wp-json\/wp\/v2\/users\/2"}],"replies":[{"embeddable":true,"href":"https:\/\/portal.fgeo.gob.mx\/index.php\/wp-json\/wp\/v2\/comments?post=16477"}],"wp:featuredmedia":[{"embeddable":true,"href":"https:\/\/portal.fgeo.gob.mx\/index.php\/wp-json\/"}],"wp:attachment":[{"href":"https:\/\/portal.fgeo.gob.mx\/index.php\/wp-json\/wp\/v2\/media?parent=16477"}],"wp:term":[{"taxonomy":"post_tag","embeddable":true,"href":"https:\/\/portal.fgeo.gob.mx\/index.php\/wp-json\/wp\/v2\/tags?post=16477"},{"taxonomy":"categoria_noticias","embeddable":true,"href":"https:\/\/portal.fgeo.gob.mx\/index.php\/wp-json\/wp\/v2\/categoria_noticias?post=16477"}],"curies":[{"name":"wp","href":"https:\/\/api.w.org\/{rel}","templated":true}]}}