{"id":16476,"date":"2025-01-03T12:31:31","date_gmt":"2025-01-03T18:31:31","guid":{"rendered":"https:\/\/fge.oaxaca.gob.mx\/?post_type=noticias&amp;p=8002"},"modified":"2025-01-03T12:31:31","modified_gmt":"2025-01-03T18:31:31","slug":"boletin-1158-fiscalia-de-oaxaca-logra-vinculacion-a-proceso-contra-dos-imputados-por-asalto-a-un-oxxo-cometido-en-la-ciudad-de-oaxaca","status":"publish","type":"noticias","link":"https:\/\/portal.fgeo.gob.mx\/index.php\/archivos\/noticias\/boletin-1158-fiscalia-de-oaxaca-logra-vinculacion-a-proceso-contra-dos-imputados-por-asalto-a-un-oxxo-cometido-en-la-ciudad-de-oaxaca","title":{"rendered":"BOLET\u00cdN 1,158.- Fiscal\u00eda de Oaxaca logra vinculaci\u00f3n a proceso contra dos imputados por asalto a un OXXO cometido en la ciudad de Oaxaca"},"content":{"rendered":"<p>Oaxaca de Ju\u00e1rez, Oax. 03 de enero de 2025.- La Fiscal\u00eda General del Estado de Oaxaca (FGEO) obtuvo auto de vinculaci\u00f3n a proceso en contra de dos personas del sexo masculino identificadas como S.V.L. y C.C.O., por el delito de Robo con Violencia Moral cometido a una sucursal de la cadena de tiendas de conveniencia denominadas OXXO S.A. de C.V., del centro de la ciudad de Oaxaca de Ju\u00e1rez.<\/p>\n<p>De acuerdo al expediente penal del caso, los hechos ocurrieron el 13 de noviembre de 2024, en la sucursal ubicada sobre la Avenida Ju\u00e1rez esquina con Morelos del centro de la ciudad de Oaxaca, en donde los asaltantes amenazaron a los trabajadores para luego sustraer dinero en efectivo y otros objetos de la tienda.<\/p>\n<p>La investigaci\u00f3n revela que, una vez cometido el hecho, los responsables huyeron del lugar, sin embargo, fueron detenidos metros m\u00e1s adelante por elementos de la Polic\u00eda Estatal quienes hab\u00edan recibido el llamado de auxilio.<\/p>\n<p>Luego de la comisi\u00f3n del delito y tras ser puestos a disposici\u00f3n, la Fiscal\u00eda tom\u00f3 conocimiento de los hechos y a trav\u00e9s de la Vicefiscal\u00eda Regional de los Valles Centrales inici\u00f3 las investigaciones para luego recabar las pruebas pertinentes y presentarlas ante el Juez que atiende la causa, las cuales permitieron obtener auto de vinculaci\u00f3n a proceso en contra de los dos imputados S.V.L y C.C.O., por el delito de robo con violencia moral a las personas.<\/p>\n<p>Adem\u00e1s de ello, la autoridad judicial impuso prisi\u00f3n preventiva justificada como medida cautelar y otorg\u00f3 dos meses para el cierre de la investigaci\u00f3n complementaria.<\/p>\n<p>La Fiscal\u00eda General del Estado de Oaxaca contin\u00faa realizando las indagatorias para establecer l\u00edneas de investigaci\u00f3n s\u00f3lidas que permitan dar con quien o quienes resulten responsables de los delitos, y con ello, garantizar procesos de procuraci\u00f3n adecuados a las v\u00edctimas.<\/p>\n<p><img fetchpriority=\"high\" decoding=\"async\" class=\"size-medium wp-image-8003\" src=\"https:\/\/portal.fgeo.gob.mx\/wp-content\/uploads\/2025\/01\/foto-1-300x199.jpg\" alt=\"\" width=\"300\" height=\"199\" \/><\/p>\n<p><img decoding=\"async\" class=\"size-medium wp-image-8004\" src=\"https:\/\/portal.fgeo.gob.mx\/wp-content\/uploads\/2025\/01\/foto-2-300x224.jpg\" alt=\"\" width=\"300\" height=\"224\" \/><\/p>\n","protected":false},"author":2,"featured_media":7997,"comment_status":"closed","ping_status":"closed","template":"","tags":[],"categoria_noticias":[],"class_list":["post-16476","noticias","type-noticias","status-publish","has-post-thumbnail","hentry"],"acf":[],"mb":[],"mfb_rest_fields":["title","gutenberg_elementor_mode"],"_links":{"self":[{"href":"https:\/\/portal.fgeo.gob.mx\/index.php\/wp-json\/wp\/v2\/noticias\/16476","targetHints":{"allow":["GET"]}}],"collection":[{"href":"https:\/\/portal.fgeo.gob.mx\/index.php\/wp-json\/wp\/v2\/noticias"}],"about":[{"href":"https:\/\/portal.fgeo.gob.mx\/index.php\/wp-json\/wp\/v2\/types\/noticias"}],"author":[{"embeddable":true,"href":"https:\/\/portal.fgeo.gob.mx\/index.php\/wp-json\/wp\/v2\/users\/2"}],"replies":[{"embeddable":true,"href":"https:\/\/portal.fgeo.gob.mx\/index.php\/wp-json\/wp\/v2\/comments?post=16476"}],"wp:featuredmedia":[{"embeddable":true,"href":"https:\/\/portal.fgeo.gob.mx\/index.php\/wp-json\/"}],"wp:attachment":[{"href":"https:\/\/portal.fgeo.gob.mx\/index.php\/wp-json\/wp\/v2\/media?parent=16476"}],"wp:term":[{"taxonomy":"post_tag","embeddable":true,"href":"https:\/\/portal.fgeo.gob.mx\/index.php\/wp-json\/wp\/v2\/tags?post=16476"},{"taxonomy":"categoria_noticias","embeddable":true,"href":"https:\/\/portal.fgeo.gob.mx\/index.php\/wp-json\/wp\/v2\/categoria_noticias?post=16476"}],"curies":[{"name":"wp","href":"https:\/\/api.w.org\/{rel}","templated":true}]}}