{"id":16475,"date":"2025-01-03T09:50:09","date_gmt":"2025-01-03T15:50:09","guid":{"rendered":"https:\/\/fge.oaxaca.gob.mx\/?post_type=noticias&amp;p=8000"},"modified":"2025-01-03T09:50:09","modified_gmt":"2025-01-03T15:50:09","slug":"boletin-1157-fiscalia-de-oaxaca-en-colaboracion-con-el-estado-de-veracruz-ejecutan-orden-de-aprehension-y-detienen-a-una-persona-por-el-delito-de-homicidio","status":"publish","type":"noticias","link":"https:\/\/portal.fgeo.gob.mx\/index.php\/archivos\/noticias\/boletin-1157-fiscalia-de-oaxaca-en-colaboracion-con-el-estado-de-veracruz-ejecutan-orden-de-aprehension-y-detienen-a-una-persona-por-el-delito-de-homicidio","title":{"rendered":"BOLET\u00cdN 1,157.- Fiscal\u00eda de Oaxaca en colaboraci\u00f3n con el estado de Veracruz, ejecutan orden de aprehensi\u00f3n y detienen a una persona por el delito de homicidio"},"content":{"rendered":"<p>Oaxaca de Ju\u00e1rez, Oax. 03 de enero de 2025.- La Fiscal\u00eda General del Estado de Oaxaca (FGEO), en colaboraci\u00f3n interinstitucional con el estado de Veracruz, ejecutaron una orden de aprehensi\u00f3n que permiti\u00f3 la detenci\u00f3n de una persona del sexo masculino identificado como L.A.V.R., por el delito de homicidio calificado con ventaja, ocurrido en la regi\u00f3n de la Cuenca del Papaloapan.<\/p>\n<p>La detenci\u00f3n efectuada en el estado de Veracruz fue coordinada entre la Polic\u00eda Ministerial de Tierra Blanca de aquella entidad vecina y Agentes de Investigaci\u00f3n de Oaxaca, derivado de los hechos ocurridos el 14 de marzo de 2020, cuando la v\u00edctima, un hombre identificado como R.R.R., fue agredido con disparos de arma de fuego y privado de la vida en un domicilio ubicado en la localidad de Tetela perteneciente al municipio de Acatl\u00e1n de P\u00e9rez Figueroa de la entidad oaxaque\u00f1a.<\/p>\n<p>Una vez que la FGEO tom\u00f3 conocimiento del caso, despleg\u00f3 a un equipo multidisciplinario de la Vicefiscal\u00eda Regional de la Cuenca que acudi\u00f3 al lugar de los hechos y, derivado de las investigaciones, logr\u00f3 obtener una orden de aprehensi\u00f3n en contra de L.A.V.R.<\/p>\n<p>Una vez realizadas las labores de localizaci\u00f3n, se pudo establecer que L.A.V.R. se encontraba en el estado de Veracruz, por lo que se solicit\u00f3 la colaboraci\u00f3n con la Fiscal\u00eda de Veracruz para la ejecuci\u00f3n de la orden de aprehensi\u00f3n en su contra por loque, luego de ser detenido fue trasladado a Oaxaca para quedar a disposici\u00f3n de la autoridad ministerial correspondiente.<\/p>\n<p>Para la FGEO, el empleo de protocolos y la aplicaci\u00f3n de t\u00e9cnicas cient\u00edficas e investigaciones de cr\u00edmenes, permiten tener certeza en los trabajos de procuraci\u00f3n de justicia en el estado.<\/p>\n<p><img decoding=\"async\" class=\"size-medium wp-image-8001\" src=\"https:\/\/portal.fgeo.gob.mx\/wp-content\/uploads\/2025\/01\/Dise%C3%B1o-sin-t%C3%ADtulo-2-300x134.jpg\" alt=\"\" width=\"300\" height=\"134\" \/><\/p>\n","protected":false},"author":2,"featured_media":7997,"comment_status":"closed","ping_status":"closed","template":"","tags":[],"categoria_noticias":[],"class_list":["post-16475","noticias","type-noticias","status-publish","has-post-thumbnail","hentry"],"acf":[],"mb":[],"mfb_rest_fields":["title","gutenberg_elementor_mode"],"_links":{"self":[{"href":"https:\/\/portal.fgeo.gob.mx\/index.php\/wp-json\/wp\/v2\/noticias\/16475","targetHints":{"allow":["GET"]}}],"collection":[{"href":"https:\/\/portal.fgeo.gob.mx\/index.php\/wp-json\/wp\/v2\/noticias"}],"about":[{"href":"https:\/\/portal.fgeo.gob.mx\/index.php\/wp-json\/wp\/v2\/types\/noticias"}],"author":[{"embeddable":true,"href":"https:\/\/portal.fgeo.gob.mx\/index.php\/wp-json\/wp\/v2\/users\/2"}],"replies":[{"embeddable":true,"href":"https:\/\/portal.fgeo.gob.mx\/index.php\/wp-json\/wp\/v2\/comments?post=16475"}],"wp:featuredmedia":[{"embeddable":true,"href":"https:\/\/portal.fgeo.gob.mx\/index.php\/wp-json\/"}],"wp:attachment":[{"href":"https:\/\/portal.fgeo.gob.mx\/index.php\/wp-json\/wp\/v2\/media?parent=16475"}],"wp:term":[{"taxonomy":"post_tag","embeddable":true,"href":"https:\/\/portal.fgeo.gob.mx\/index.php\/wp-json\/wp\/v2\/tags?post=16475"},{"taxonomy":"categoria_noticias","embeddable":true,"href":"https:\/\/portal.fgeo.gob.mx\/index.php\/wp-json\/wp\/v2\/categoria_noticias?post=16475"}],"curies":[{"name":"wp","href":"https:\/\/api.w.org\/{rel}","templated":true}]}}