{"id":16473,"date":"2025-01-02T14:01:13","date_gmt":"2025-01-02T20:01:13","guid":{"rendered":"https:\/\/fge.oaxaca.gob.mx\/?post_type=noticias&amp;p=7996"},"modified":"2025-01-02T14:01:13","modified_gmt":"2025-01-02T20:01:13","slug":"boletin-1155-fiscalia-de-oaxaca-obtiene-vinculacion-a-proceso-contra-imputado-por-violacion-de-una-adolescente-a-quien-engancho-a-traves-de-redes-sociales","status":"publish","type":"noticias","link":"https:\/\/portal.fgeo.gob.mx\/index.php\/archivos\/noticias\/boletin-1155-fiscalia-de-oaxaca-obtiene-vinculacion-a-proceso-contra-imputado-por-violacion-de-una-adolescente-a-quien-engancho-a-traves-de-redes-sociales","title":{"rendered":"BOLET\u00cdN 1,155.- Fiscal\u00eda de Oaxaca obtiene vinculaci\u00f3n a proceso contra imputado por violaci\u00f3n de una adolescente a quien enganch\u00f3 a trav\u00e9s de redes sociales"},"content":{"rendered":"<p>Oaxaca de Ju\u00e1rez, Oax. 02 de enero de 2025.- Derivado del trabajo ministerial en materia de violencia sexual contra las infancias, la Fiscal\u00eda General del Estado de Oaxaca (FGEO) obtuvo auto de vinculaci\u00f3n a proceso en contra de una persona del sexo masculino identificada como R.J.A.S., imputado por el delito de Equiparado a la Violaci\u00f3n, cometido en agravio de una adolescente, hechos ocurridos en la regi\u00f3n de los Valles Centrales.<\/p>\n<p>De acuerdo con lo asentado en el expediente penal, los hechos ocurrieron los d\u00edas 13 y 15 de noviembre de 2024, en un domicilio ubicado en Reyes Mantec\u00f3n perteneciente al municipio de San Bartolo Coyotepec, lugar donde la v\u00edctima (una adolescente de 13 a\u00f1os de edad, cuya identidad est\u00e1 reservada por ley) fue agredida de manera sexual por una persona a quien conoci\u00f3 por medio de una red social denominada Instagram y con quien mantuvo comunicaci\u00f3n durante un par de meses previo a los hechos.<\/p>\n<p>Cuando la FGEO tom\u00f3 conocimiento del caso, inici\u00f3 las investigaciones correspondientes a trav\u00e9s de la Vicefiscal\u00eda Regional de Valles Centrales que, luego de ordenar los trabajos ministeriales de investigaci\u00f3n, logr\u00f3 reunir las pruebas suficientes para obtener una orden de aprehensi\u00f3n y detenci\u00f3n contra el imputado.<\/p>\n<p>Al presentar los datos de prueba aportados por el Ministerio P\u00fablico, el Juez que atiende la causa determin\u00f3 dictar auto de vinculaci\u00f3n a proceso en contra de R.J.A.S., y otorg\u00f3 dos meses para el cierre de la investigaci\u00f3n complementaria.<\/p>\n<p>La Fiscal\u00eda de Oaxaca tiene entre sus ejes rectores garantizar una vida libre de violencia para ni\u00f1as, ni\u00f1os y adolescentes, a trav\u00e9s de los mecanismos de procuraci\u00f3n de justicia que est\u00e1n a cargo de \u00e1reas especializadas y bien capacitadas para este tipo de labores.<\/p>\n<p>&nbsp;<\/p>\n","protected":false},"author":2,"featured_media":7997,"comment_status":"closed","ping_status":"closed","template":"","tags":[],"categoria_noticias":[],"class_list":["post-16473","noticias","type-noticias","status-publish","has-post-thumbnail","hentry"],"acf":[],"mb":[],"mfb_rest_fields":["title","gutenberg_elementor_mode"],"_links":{"self":[{"href":"https:\/\/portal.fgeo.gob.mx\/index.php\/wp-json\/wp\/v2\/noticias\/16473","targetHints":{"allow":["GET"]}}],"collection":[{"href":"https:\/\/portal.fgeo.gob.mx\/index.php\/wp-json\/wp\/v2\/noticias"}],"about":[{"href":"https:\/\/portal.fgeo.gob.mx\/index.php\/wp-json\/wp\/v2\/types\/noticias"}],"author":[{"embeddable":true,"href":"https:\/\/portal.fgeo.gob.mx\/index.php\/wp-json\/wp\/v2\/users\/2"}],"replies":[{"embeddable":true,"href":"https:\/\/portal.fgeo.gob.mx\/index.php\/wp-json\/wp\/v2\/comments?post=16473"}],"wp:featuredmedia":[{"embeddable":true,"href":"https:\/\/portal.fgeo.gob.mx\/index.php\/wp-json\/"}],"wp:attachment":[{"href":"https:\/\/portal.fgeo.gob.mx\/index.php\/wp-json\/wp\/v2\/media?parent=16473"}],"wp:term":[{"taxonomy":"post_tag","embeddable":true,"href":"https:\/\/portal.fgeo.gob.mx\/index.php\/wp-json\/wp\/v2\/tags?post=16473"},{"taxonomy":"categoria_noticias","embeddable":true,"href":"https:\/\/portal.fgeo.gob.mx\/index.php\/wp-json\/wp\/v2\/categoria_noticias?post=16473"}],"curies":[{"name":"wp","href":"https:\/\/api.w.org\/{rel}","templated":true}]}}