{"id":16472,"date":"2025-01-02T09:07:38","date_gmt":"2025-01-02T15:07:38","guid":{"rendered":"https:\/\/fge.oaxaca.gob.mx\/?post_type=noticias&amp;p=7994"},"modified":"2025-01-02T09:07:38","modified_gmt":"2025-01-02T15:07:38","slug":"boletin-1154-fiscalia-de-oaxaca-ejecuta-orden-de-aprehension-y-prision-contra-un-imputado-por-homicidio-cometido-durante-agresion-ocurrida-en-cuilapam-de-guerrero","status":"publish","type":"noticias","link":"https:\/\/portal.fgeo.gob.mx\/index.php\/archivos\/noticias\/boletin-1154-fiscalia-de-oaxaca-ejecuta-orden-de-aprehension-y-prision-contra-un-imputado-por-homicidio-cometido-durante-agresion-ocurrida-en-cuilapam-de-guerrero","title":{"rendered":"BOLET\u00cdN 1,154.- Fiscal\u00eda de Oaxaca ejecuta orden de aprehensi\u00f3n y prisi\u00f3n contra un imputado por homicidio cometido durante agresi\u00f3n ocurrida en Cuil\u00e1pam de Guerrero"},"content":{"rendered":"<p>Oaxaca de Ju\u00e1rez, Oax. 02 de enero de 2025.- La Fiscal\u00eda General del Estado de Oaxaca (FGEO) dio cumplimiento a una orden de aprehensi\u00f3n y logr\u00f3 prisi\u00f3n preventiva en la audiencia inicial en contra de una persona del sexo masculino identificada por las iniciales R. R. R., por el delito de Homicidio Calificado, cometido en el municipio de Cuil\u00e1pam de Guerrero, en la regi\u00f3n de los Valles Centrales.<\/p>\n<p>De acuerdo con el expediente penal del caso, los hechos ocurrieron durante la noche del pasado 28 de diciembre, sobre el bulevar Escuela M\u00e9dico Militar, frente a una gasolinera del municipio de Cuil\u00e1pam de Guerrero, donde varias personas agredieron a la v\u00edctima identificada como C. D. C. P., quien perdi\u00f3 la vida a consecuencia de las lesiones infligidas, hechos que quedaron registrados en diferentes videos que se publicaron en diversas plataformas digitales.<\/p>\n<p>Al momento en que la Fiscal\u00eda de Oaxaca tuvo conocimiento de los hechos, inici\u00f3 las investigaciones correspondientes que est\u00e1n a cargo de la Fiscal\u00eda Especializada para la Atenci\u00f3n a Delitos de Alto Impacto, que obtuvo los resultados preliminares suficientes por los cuales obtuvo una orden de aprehensi\u00f3n.<\/p>\n<p>Elementos de la Agencia Estatal de Investigaci\u00f3n realizaron un despliegue policial para dar con el paradero y dar cumplimiento al mandato judicial por el cual fue detenido R. R. R., quien fue puesto a disposici\u00f3n del Ministerio P\u00fablico correspondiente.<\/p>\n<p>La FGEO llev\u00f3 ante el juez a la persona detenida y, luego de presentar los datos de prueba derivados de las indagatorias, el Juez de Control que atiende la causa calific\u00f3 como legal la detenci\u00f3n e impuso prisi\u00f3n preventiva de manera provisional para R. R. R., por el delito de Homicidio, mientras que la Fiscal\u00eda de Oaxaca solicit\u00f3 el auto de vinculaci\u00f3n a proceso en contra del imputado.<\/p>\n<p>La Fiscal\u00eda de Oaxaca aplica los protocolos de investigaci\u00f3n necesarios para que las labores ministeriales tengan resultados tangibles y efectivos en el proceso de procuraci\u00f3n de justicia a favor de las v\u00edctimas.<\/p>\n<p><img fetchpriority=\"high\" decoding=\"async\" class=\"alignnone size-medium wp-image-7995\" src=\"https:\/\/portal.fgeo.gob.mx\/wp-content\/uploads\/2025\/01\/Dise%C3%B1o-sin-t%C3%ADtulo-300x233.jpg\" alt=\"\" width=\"300\" height=\"233\" \/><\/p>\n","protected":false},"author":2,"featured_media":7869,"comment_status":"closed","ping_status":"closed","template":"","tags":[],"categoria_noticias":[],"class_list":["post-16472","noticias","type-noticias","status-publish","has-post-thumbnail","hentry"],"acf":[],"mb":[],"mfb_rest_fields":["title","gutenberg_elementor_mode"],"_links":{"self":[{"href":"https:\/\/portal.fgeo.gob.mx\/index.php\/wp-json\/wp\/v2\/noticias\/16472","targetHints":{"allow":["GET"]}}],"collection":[{"href":"https:\/\/portal.fgeo.gob.mx\/index.php\/wp-json\/wp\/v2\/noticias"}],"about":[{"href":"https:\/\/portal.fgeo.gob.mx\/index.php\/wp-json\/wp\/v2\/types\/noticias"}],"author":[{"embeddable":true,"href":"https:\/\/portal.fgeo.gob.mx\/index.php\/wp-json\/wp\/v2\/users\/2"}],"replies":[{"embeddable":true,"href":"https:\/\/portal.fgeo.gob.mx\/index.php\/wp-json\/wp\/v2\/comments?post=16472"}],"wp:featuredmedia":[{"embeddable":true,"href":"https:\/\/portal.fgeo.gob.mx\/index.php\/wp-json\/"}],"wp:attachment":[{"href":"https:\/\/portal.fgeo.gob.mx\/index.php\/wp-json\/wp\/v2\/media?parent=16472"}],"wp:term":[{"taxonomy":"post_tag","embeddable":true,"href":"https:\/\/portal.fgeo.gob.mx\/index.php\/wp-json\/wp\/v2\/tags?post=16472"},{"taxonomy":"categoria_noticias","embeddable":true,"href":"https:\/\/portal.fgeo.gob.mx\/index.php\/wp-json\/wp\/v2\/categoria_noticias?post=16472"}],"curies":[{"name":"wp","href":"https:\/\/api.w.org\/{rel}","templated":true}]}}