{"id":16471,"date":"2024-12-30T13:00:12","date_gmt":"2024-12-30T19:00:12","guid":{"rendered":"https:\/\/fge.oaxaca.gob.mx\/?post_type=noticias&amp;p=7992"},"modified":"2024-12-30T13:00:12","modified_gmt":"2024-12-30T19:00:12","slug":"boletin-1153-fgeo-ejecuta-orden-de-aprehension-por-incumplimiento-de-obligaciones-alimentarias-delito-ocurrido-en-la-region-de-la-costa","status":"publish","type":"noticias","link":"https:\/\/portal.fgeo.gob.mx\/index.php\/archivos\/noticias\/boletin-1153-fgeo-ejecuta-orden-de-aprehension-por-incumplimiento-de-obligaciones-alimentarias-delito-ocurrido-en-la-region-de-la-costa","title":{"rendered":"BOLET\u00cdN 1,153.- FGEO ejecuta orden de aprehensi\u00f3n por incumplimiento de obligaciones alimentarias, delito ocurrido en la regi\u00f3n de la Costa"},"content":{"rendered":"<p>Oaxaca de Ju\u00e1rez, Oax. 30 de diciembre de 2024.- La Fiscal\u00eda General del Estado de Oaxaca (FGEO) ejecut\u00f3 una orden de aprehensi\u00f3n en contra de una persona del sexo masculino identificada como E.F.Z., por el delito incumplimiento de obligaciones alimentarias.<\/p>\n<p>De acuerdo con el expediente penal del caso, el detenido habr\u00eda incumplido con las obligaciones impuestas por un Juez Familiar quien fij\u00f3 desde el 14 de enero de 2015 el pago de pensi\u00f3n alimentaria a favor de su hijo (un menor de edad cuya identidad est\u00e1 reservada por ley).<\/p>\n<p>Derivado de la omisi\u00f3n a dar cumplimiento al mandato Judicial, la FGEO -a trav\u00e9s de la Vicefiscal\u00eda Regional de la Costa- ejecut\u00f3 la orden de aprehensi\u00f3n contra E.F.Z., quien fue detenido en la colonia &#8220;3 de Mayo&#8221; del municipio de Santa Catarina Juquila, para ponerlo a disposici\u00f3n de la autoridad competente.<\/p>\n<p>Para la Fiscal\u00eda General de Oaxaca, los trabajos de procuraci\u00f3n de justicia a favor de las ni\u00f1as, ni\u00f1os y adolescentes es una prioridad, por ello, reafirma su compromiso de realizar las labores necesarias para que este sector de la poblaci\u00f3n pueda acceder al ejercicio pleno de sus derechos humanos.<\/p>\n<p><img fetchpriority=\"high\" decoding=\"async\" class=\"size-medium wp-image-7993\" src=\"https:\/\/portal.fgeo.gob.mx\/wp-content\/uploads\/2024\/12\/Dise%C3%B1o-sin-t%C3%ADtulo-17-231x300.jpg\" alt=\"\" width=\"231\" height=\"300\" \/><\/p>\n","protected":false},"author":2,"featured_media":7869,"comment_status":"closed","ping_status":"closed","template":"","tags":[],"categoria_noticias":[],"class_list":["post-16471","noticias","type-noticias","status-publish","has-post-thumbnail","hentry"],"acf":[],"mb":[],"mfb_rest_fields":["title","gutenberg_elementor_mode"],"_links":{"self":[{"href":"https:\/\/portal.fgeo.gob.mx\/index.php\/wp-json\/wp\/v2\/noticias\/16471","targetHints":{"allow":["GET"]}}],"collection":[{"href":"https:\/\/portal.fgeo.gob.mx\/index.php\/wp-json\/wp\/v2\/noticias"}],"about":[{"href":"https:\/\/portal.fgeo.gob.mx\/index.php\/wp-json\/wp\/v2\/types\/noticias"}],"author":[{"embeddable":true,"href":"https:\/\/portal.fgeo.gob.mx\/index.php\/wp-json\/wp\/v2\/users\/2"}],"replies":[{"embeddable":true,"href":"https:\/\/portal.fgeo.gob.mx\/index.php\/wp-json\/wp\/v2\/comments?post=16471"}],"wp:featuredmedia":[{"embeddable":true,"href":"https:\/\/portal.fgeo.gob.mx\/index.php\/wp-json\/"}],"wp:attachment":[{"href":"https:\/\/portal.fgeo.gob.mx\/index.php\/wp-json\/wp\/v2\/media?parent=16471"}],"wp:term":[{"taxonomy":"post_tag","embeddable":true,"href":"https:\/\/portal.fgeo.gob.mx\/index.php\/wp-json\/wp\/v2\/tags?post=16471"},{"taxonomy":"categoria_noticias","embeddable":true,"href":"https:\/\/portal.fgeo.gob.mx\/index.php\/wp-json\/wp\/v2\/categoria_noticias?post=16471"}],"curies":[{"name":"wp","href":"https:\/\/api.w.org\/{rel}","templated":true}]}}