{"id":16470,"date":"2024-12-30T09:56:44","date_gmt":"2024-12-30T15:56:44","guid":{"rendered":"https:\/\/fge.oaxaca.gob.mx\/?post_type=noticias&amp;p=7990"},"modified":"2024-12-30T09:56:44","modified_gmt":"2024-12-30T15:56:44","slug":"boletin-1152-fiscalia-de-oaxaca-ejecuta-orden-de-aprehension-y-detiene-a-dos-personas-por-secuestro-cometido-en-la-region-del-istmo","status":"publish","type":"noticias","link":"https:\/\/portal.fgeo.gob.mx\/index.php\/archivos\/noticias\/boletin-1152-fiscalia-de-oaxaca-ejecuta-orden-de-aprehension-y-detiene-a-dos-personas-por-secuestro-cometido-en-la-region-del-istmo","title":{"rendered":"BOLET\u00cdN 1,152.- Fiscal\u00eda de Oaxaca ejecuta orden de aprehensi\u00f3n y detiene a dos personas por secuestro cometido en la regi\u00f3n del Istmo"},"content":{"rendered":"<p>Oaxaca de Ju\u00e1rez, Oax. 30 de diciembre de 2024.- La Fiscal\u00eda General del Estado de Oaxaca (FGEO) ejecut\u00f3 una orden de aprehensi\u00f3n en contra de dos personas del sexo masculino identificadas como A.L.M. y A.M.M., por el delito de secuestro agravado en contra de M.A.R.O., cometido en la regi\u00f3n del Istmo.<\/p>\n<p>De acuerdo con el expediente penal del caso, los hechos ocurrieron el d\u00eda 19 de diciembre de 2024, cuando la v\u00edctima transitaba con destino al municipio de Juchit\u00e1n de Zaragoza, momento en el que fue privado de la libertad por un grupo de personas armadas que se puso en contacto con familiares de la v\u00edctima para solicitar el pago de un rescate para su liberaci\u00f3n.<\/p>\n<p>La investigaci\u00f3n ministerial, revela que la v\u00edctima hab\u00eda salido a bordo de un veh\u00edculo de motor el 18 de diciembre de la ciudad de M\u00e9xico con destino a Oaxaca, y posteriormente a la regi\u00f3n del Istmo.<\/p>\n<p>Derivado de dichos trabajos de investigaci\u00f3n encabezados por la FGEO, a trav\u00e9s de la Fiscal\u00eda Especializada para la Atenci\u00f3n a Delitos de Alto Impacto que activ\u00f3 a la Unidad Especializada de Combate al Secuestro (UECS), se logr\u00f3 establecer el paradero de los imputados por lo que se despleg\u00f3 un operativo estrat\u00e9gico que permiti\u00f3 la detenci\u00f3n de A.L.M y A.M.M, quienes quedaron a disposici\u00f3n del agente del Ministerio P\u00fablico para definir su situaci\u00f3n jur\u00eddica.<\/p>\n<p>Los trabajos de combate al secuestro que realiza la Fiscal\u00eda de Oaxaca se efect\u00faan en estricto apego a los protocolos de actuaci\u00f3n en la materia para dar certeza a las v\u00edctimas directas e indirectas, para que tengan pleno acceso a la justicia.<\/p>\n<p><img decoding=\"async\" class=\"size-medium wp-image-7991\" src=\"https:\/\/portal.fgeo.gob.mx\/wp-content\/uploads\/2024\/12\/Dise%C3%B1o-sin-t%C3%ADtulo-16-300x116.jpg\" alt=\"\" width=\"300\" height=\"116\" \/><\/p>\n<p>&nbsp;<\/p>\n","protected":false},"author":2,"featured_media":7869,"comment_status":"closed","ping_status":"closed","template":"","tags":[],"categoria_noticias":[],"class_list":["post-16470","noticias","type-noticias","status-publish","has-post-thumbnail","hentry"],"acf":[],"mb":[],"mfb_rest_fields":["title","gutenberg_elementor_mode"],"_links":{"self":[{"href":"https:\/\/portal.fgeo.gob.mx\/index.php\/wp-json\/wp\/v2\/noticias\/16470","targetHints":{"allow":["GET"]}}],"collection":[{"href":"https:\/\/portal.fgeo.gob.mx\/index.php\/wp-json\/wp\/v2\/noticias"}],"about":[{"href":"https:\/\/portal.fgeo.gob.mx\/index.php\/wp-json\/wp\/v2\/types\/noticias"}],"author":[{"embeddable":true,"href":"https:\/\/portal.fgeo.gob.mx\/index.php\/wp-json\/wp\/v2\/users\/2"}],"replies":[{"embeddable":true,"href":"https:\/\/portal.fgeo.gob.mx\/index.php\/wp-json\/wp\/v2\/comments?post=16470"}],"wp:featuredmedia":[{"embeddable":true,"href":"https:\/\/portal.fgeo.gob.mx\/index.php\/wp-json\/"}],"wp:attachment":[{"href":"https:\/\/portal.fgeo.gob.mx\/index.php\/wp-json\/wp\/v2\/media?parent=16470"}],"wp:term":[{"taxonomy":"post_tag","embeddable":true,"href":"https:\/\/portal.fgeo.gob.mx\/index.php\/wp-json\/wp\/v2\/tags?post=16470"},{"taxonomy":"categoria_noticias","embeddable":true,"href":"https:\/\/portal.fgeo.gob.mx\/index.php\/wp-json\/wp\/v2\/categoria_noticias?post=16470"}],"curies":[{"name":"wp","href":"https:\/\/api.w.org\/{rel}","templated":true}]}}