{"id":16468,"date":"2024-12-27T12:28:58","date_gmt":"2024-12-27T18:28:58","guid":{"rendered":"https:\/\/fge.oaxaca.gob.mx\/?post_type=noticias&amp;p=7987"},"modified":"2024-12-27T12:28:58","modified_gmt":"2024-12-27T18:28:58","slug":"boletin-1149-obtiene-fgeo-vinculacion-a-proceso-y-prision-contra-imputado-por-homicidio-de-un-taxista-ocurrido-en-la-region-mixteca","status":"publish","type":"noticias","link":"https:\/\/portal.fgeo.gob.mx\/index.php\/archivos\/noticias\/boletin-1149-obtiene-fgeo-vinculacion-a-proceso-y-prision-contra-imputado-por-homicidio-de-un-taxista-ocurrido-en-la-region-mixteca","title":{"rendered":"BOLET\u00cdN 1149.- Obtiene FGEO vinculaci\u00f3n a proceso y prisi\u00f3n contra imputado por homicidio de un taxista ocurrido en la regi\u00f3n Mixteca"},"content":{"rendered":"<p>Oaxaca de Ju\u00e1rez, Oax. 27 de diciembre de 2024.-La investigaci\u00f3n ministerial especializada que realiza la Fiscal\u00eda General del Estado de Oaxaca (FGEO) permiti\u00f3 obtener auto de vinculaci\u00f3n a proceso en contra de una persona del sexo masculino identificado como J.L.B.C., imputado por los delitos de homicidio calificado y robo espec\u00edfico en agravio de un una persona, ocurrido en la regi\u00f3n Mixteca.<\/p>\n<p>Conforme al expediente penal del caso, los hechos ocurrieron el 04 de diciembre de 2023, cuando la v\u00edctima -quien laboraba como chofer de un taxi- fue privado de la vida con disparos de arma de fuego por un grupo de personas, luego de haber brindado un servicio de viaje con destino a la poblaci\u00f3n de Guadalupe de Benito Ju\u00e1rez del municipio de Santiago Ayuquililla, perteneciente al distrito de Huajuapan de Le\u00f3n.<\/p>\n<p>Ante este hecho, la Fiscal\u00eda de Oaxaca tom\u00f3 conocimiento del caso e inici\u00f3 las investigaciones correspondientes a trav\u00e9s de la Vicefiscal\u00eda Regional de la Mixteca, logrando obtener una orden de aprehensi\u00f3n que permiti\u00f3 la posterior detenci\u00f3n de J.L.B.C., quien fue llevado ante el juez que lo requiri\u00f3.<\/p>\n<p>Tras valorar las pruebas presentadas por la FGEO, el Juez de la causa determin\u00f3 vincular a proceso al J.C.B.C., e impuso la medida cautelar de prisi\u00f3n preventiva oficiosa por los delitos de homicidio calificado y robo espec\u00edfico, concediendo un plazo de dos meses para el cierre de investigaci\u00f3n complementaria.<\/p>\n<p>La Fiscal\u00eda de Oaxaca refrenda su compromiso de brindar una atenci\u00f3n integral a las v\u00edctimas, para que tengan pleno acceso a la justicia, a trav\u00e9s de los diversos mecanismos legales sancionatorios.<\/p>\n<p>&nbsp;<\/p>\n","protected":false},"author":2,"featured_media":7869,"comment_status":"closed","ping_status":"closed","template":"","tags":[],"categoria_noticias":[],"class_list":["post-16468","noticias","type-noticias","status-publish","has-post-thumbnail","hentry"],"acf":[],"mb":[],"mfb_rest_fields":["title","gutenberg_elementor_mode"],"_links":{"self":[{"href":"https:\/\/portal.fgeo.gob.mx\/index.php\/wp-json\/wp\/v2\/noticias\/16468","targetHints":{"allow":["GET"]}}],"collection":[{"href":"https:\/\/portal.fgeo.gob.mx\/index.php\/wp-json\/wp\/v2\/noticias"}],"about":[{"href":"https:\/\/portal.fgeo.gob.mx\/index.php\/wp-json\/wp\/v2\/types\/noticias"}],"author":[{"embeddable":true,"href":"https:\/\/portal.fgeo.gob.mx\/index.php\/wp-json\/wp\/v2\/users\/2"}],"replies":[{"embeddable":true,"href":"https:\/\/portal.fgeo.gob.mx\/index.php\/wp-json\/wp\/v2\/comments?post=16468"}],"wp:featuredmedia":[{"embeddable":true,"href":"https:\/\/portal.fgeo.gob.mx\/index.php\/wp-json\/"}],"wp:attachment":[{"href":"https:\/\/portal.fgeo.gob.mx\/index.php\/wp-json\/wp\/v2\/media?parent=16468"}],"wp:term":[{"taxonomy":"post_tag","embeddable":true,"href":"https:\/\/portal.fgeo.gob.mx\/index.php\/wp-json\/wp\/v2\/tags?post=16468"},{"taxonomy":"categoria_noticias","embeddable":true,"href":"https:\/\/portal.fgeo.gob.mx\/index.php\/wp-json\/wp\/v2\/categoria_noticias?post=16468"}],"curies":[{"name":"wp","href":"https:\/\/api.w.org\/{rel}","templated":true}]}}